{"id":16224,"date":"2026-01-16T10:59:16","date_gmt":"2026-01-16T10:59:16","guid":{"rendered":"https:\/\/informacionlocal.es\/54-bases-reguladoras-especificas-para-concesion-de-subvenciones-para-las-asociaciones-de-madres-y-padres-de-alumnas-y-alumnos-ampas-del-municipio\/"},"modified":"2026-01-16T10:59:16","modified_gmt":"2026-01-16T10:59:16","slug":"54-bases-reguladoras-especificas-para-concesion-de-subvenciones-para-las-asociaciones-de-madres-y-padres-de-alumnas-y-alumnos-ampas-del-municipio","status":"publish","type":"post","link":"https:\/\/informacionlocal.es\/it\/54-bases-reguladoras-especificas-para-concesion-de-subvenciones-para-las-asociaciones-de-madres-y-padres-de-alumnas-y-alumnos-ampas-del-municipio\/","title":{"rendered":"54.- Bases reguladoras espec\u00edficas para concesi\u00f3n de subvenciones para las asociaciones de madres y padres de alumnas y alumnos (ampas) del municipio &#8230;"},"content":{"rendered":"<div class=\"entry-content\">\n<pre>54.- Bases reguladoras espec\u00edficas para concesi\u00f3n de subvenciones para las asociaciones de madres y padres de alumnas y alumnos (ampas) del municipio de P\u00e1jara<\/pre>\n<\/div>\n","protected":false},"excerpt":{"rendered":"<p>54.- Bases reguladoras espec\u00edficas para concesi\u00f3n de subvenciones para las asociaciones de madres y padres de alumnas y alumnos (ampas) del municipio de P\u00e1jara<\/p>\n","protected":false},"author":1,"featured_media":16226,"comment_status":"open","ping_status":"open","sticky":false,"template":"","format":"standard","meta":{"inline_featured_image":false,"jnews-multi-image_gallery":[],"jnews_single_post":[],"jnews_primary_category":[],"jnews_social_meta":[],"jnews_override_counter":[],"jnews_post_split":[],"footnotes":""},"categories":[63],"tags":[],"class_list":["post-16224","post","type-post","status-publish","format-standard","has-post-thumbnail","hentry","category-pajara"],"jetpack_featured_media_url":"https:\/\/informacionlocal.es\/wp-content\/uploads\/2026\/01\/nofoto-2.png","_links":{"self":[{"href":"https:\/\/informacionlocal.es\/it\/wp-json\/wp\/v2\/posts\/16224","targetHints":{"allow":["GET"]}}],"collection":[{"href":"https:\/\/informacionlocal.es\/it\/wp-json\/wp\/v2\/posts"}],"about":[{"href":"https:\/\/informacionlocal.es\/it\/wp-json\/wp\/v2\/types\/post"}],"author":[{"embeddable":true,"href":"https:\/\/informacionlocal.es\/it\/wp-json\/wp\/v2\/users\/1"}],"replies":[{"embeddable":true,"href":"https:\/\/informacionlocal.es\/it\/wp-json\/wp\/v2\/comments?post=16224"}],"version-history":[{"count":0,"href":"https:\/\/informacionlocal.es\/it\/wp-json\/wp\/v2\/posts\/16224\/revisions"}],"wp:featuredmedia":[{"embeddable":true,"href":"https:\/\/informacionlocal.es\/it\/wp-json\/wp\/v2\/media\/16226"}],"wp:attachment":[{"href":"https:\/\/informacionlocal.es\/it\/wp-json\/wp\/v2\/media?parent=16224"}],"wp:term":[{"taxonomy":"category","embeddable":true,"href":"https:\/\/informacionlocal.es\/it\/wp-json\/wp\/v2\/categories?post=16224"},{"taxonomy":"post_tag","embeddable":true,"href":"https:\/\/informacionlocal.es\/it\/wp-json\/wp\/v2\/tags?post=16224"}],"curies":[{"name":"wp","href":"https:\/\/api.w.org\/{rel}","templated":true}]}}