{"id":16212,"date":"2026-01-15T22:01:32","date_gmt":"2026-01-15T22:01:32","guid":{"rendered":"https:\/\/informacionlocal.es\/el-ayuntamiento-de-puerto-del-rosario-publica-las-bases-para-participar-en-los-arretrankos-y-la-gran-cabalgata-carnavalera-2026\/"},"modified":"2026-01-15T22:01:32","modified_gmt":"2026-01-15T22:01:32","slug":"el-ayuntamiento-de-puerto-del-rosario-publica-las-bases-para-participar-en-los-arretrankos-y-la-gran-cabalgata-carnavalera-2026","status":"publish","type":"post","link":"https:\/\/informacionlocal.es\/it\/el-ayuntamiento-de-puerto-del-rosario-publica-las-bases-para-participar-en-los-arretrankos-y-la-gran-cabalgata-carnavalera-2026\/","title":{"rendered":"El Ayuntamiento de Puerto del Rosario publica las bases para participar en Los Arretrankos y la Gran Cabalgata Carnavalera 2026"},"content":{"rendered":"<div class=\"entry-content\">\n<ul>\n<li><span><strong>La web municipal recoge los requisitos para las personas o grupos interesados en participar en dos de los eventos m\u00e1s populares del carnaval de la capital<\/strong><\/span><\/li>\n<\/ul>\n<p><span><strong>En Puerto del Rosario, a 15 de enero de 2026.-<\/strong> El Ayuntamiento de Puerto del Rosario ha publicado en su web municipal las bases reguladoras para aquellas personas o grupos interesados en participar en la Carrera de Arretrankos y en la Gran Cabalgata Carnavalera del Carnaval 2026, que se celebrar\u00e1n los d\u00edas 7 y 14 de febrero, respectivamente.<\/span><\/p>\n<p><span>Se trata de dos de los actos m\u00e1s esperados y participativos de las carnestolendas capitalinas, que cada a\u00f1o llenan las calles de color, creatividad y ambiente festivo, y que vuelven a contar con una amplia implicaci\u00f3n ciudadana.<\/span><\/p>\n<p><span>El alcalde de Puerto del Rosario, David de Vera, ha animado a la ciudadan\u00eda a sumarse a estas iniciativas, destacando que \u201cel Carnaval es una de las celebraciones m\u00e1s queridas por nuestros vecinos y vecinas, un espacio de diversi\u00f3n compartida. Eventos como Los Arretrankos y la Gran Cabalgata son el mejor reflejo del talento, la imaginaci\u00f3n y las ganas de disfrutar que tiene Puerto del Rosario\u201d.<\/span><\/p>\n<p><span>Por su parte, la concejala de Festejos, Tacoremi Guti\u00e9rrez, ha se\u00f1alado que \u201cya estamos trabajando para que el Carnaval 2026 vuelva a ser una fiesta participativa y pensada para todos los p\u00fablicos. Este a\u00f1o, adem\u00e1s, la alegor\u00eda del Carnaval girar\u00e1 en torno al mundo de los musicales, lo que ofrece un abanico enorme de posibilidades creativas para quienes participen en los diferentes actos programados\u201d.<\/span><\/p>\n<p><span>Las bases recogen los requisitos de participaci\u00f3n y plazos de inscripci\u00f3n de ambos eventos, as\u00ed como la documentaci\u00f3n necesaria para formalizar la inscripci\u00f3n.<\/span><\/p>\n<p><span>Toda la informaci\u00f3n, junto con los formularios correspondientes para cada acto, puede consultarse en el \u00e1rea tem\u00e1tica de Fiestas de la web municipal, a trav\u00e9s del siguiente enlace: www.puertodelrosario.org\/ayuntamiento\/areas-tematicas\/fiestas\/<\/span><\/p>\n<\/div>\n","protected":false},"excerpt":{"rendered":"<p>La web municipal recoge los requisitos para las personas o grupos interesados en participar en dos de los eventos m\u00e1s populares del carnaval de la capital En Puerto del Rosario, [&hellip;]<\/p>\n","protected":false},"author":1,"featured_media":16214,"comment_status":"open","ping_status":"open","sticky":false,"template":"","format":"standard","meta":{"inline_featured_image":false,"jnews-multi-image_gallery":[],"jnews_single_post":[],"jnews_primary_category":[],"jnews_social_meta":[],"jnews_override_counter":[],"jnews_post_split":[],"footnotes":""},"categories":[61],"tags":[69],"class_list":["post-16212","post","type-post","status-publish","format-standard","has-post-thumbnail","hentry","category-puerto-del-rosario","tag-eventos"],"jetpack_featured_media_url":"https:\/\/informacionlocal.es\/wp-content\/uploads\/2026\/01\/bases.png","_links":{"self":[{"href":"https:\/\/informacionlocal.es\/it\/wp-json\/wp\/v2\/posts\/16212","targetHints":{"allow":["GET"]}}],"collection":[{"href":"https:\/\/informacionlocal.es\/it\/wp-json\/wp\/v2\/posts"}],"about":[{"href":"https:\/\/informacionlocal.es\/it\/wp-json\/wp\/v2\/types\/post"}],"author":[{"embeddable":true,"href":"https:\/\/informacionlocal.es\/it\/wp-json\/wp\/v2\/users\/1"}],"replies":[{"embeddable":true,"href":"https:\/\/informacionlocal.es\/it\/wp-json\/wp\/v2\/comments?post=16212"}],"version-history":[{"count":0,"href":"https:\/\/informacionlocal.es\/it\/wp-json\/wp\/v2\/posts\/16212\/revisions"}],"wp:featuredmedia":[{"embeddable":true,"href":"https:\/\/informacionlocal.es\/it\/wp-json\/wp\/v2\/media\/16214"}],"wp:attachment":[{"href":"https:\/\/informacionlocal.es\/it\/wp-json\/wp\/v2\/media?parent=16212"}],"wp:term":[{"taxonomy":"category","embeddable":true,"href":"https:\/\/informacionlocal.es\/it\/wp-json\/wp\/v2\/categories?post=16212"},{"taxonomy":"post_tag","embeddable":true,"href":"https:\/\/informacionlocal.es\/it\/wp-json\/wp\/v2\/tags?post=16212"}],"curies":[{"name":"wp","href":"https:\/\/api.w.org\/{rel}","templated":true}]}}