{"id":16182,"date":"2026-01-15T17:01:00","date_gmt":"2026-01-15T17:01:00","guid":{"rendered":"https:\/\/informacionlocal.es\/el-ayuntamiento-de-antigua-refuerza-su-equipo-tecnico-con-el-nombramiento-de-una-nueva-funcionaria-de-carrera\/"},"modified":"2026-01-15T17:01:00","modified_gmt":"2026-01-15T17:01:00","slug":"el-ayuntamiento-de-antigua-refuerza-su-equipo-tecnico-con-el-nombramiento-de-una-nueva-funcionaria-de-carrera","status":"publish","type":"post","link":"https:\/\/informacionlocal.es\/it\/el-ayuntamiento-de-antigua-refuerza-su-equipo-tecnico-con-el-nombramiento-de-una-nueva-funcionaria-de-carrera\/","title":{"rendered":"El Ayuntamiento de Antigua refuerza su equipo t\u00e9cnico con el nombramiento de una nueva funcionaria de carrera"},"content":{"rendered":"<div class=\"elementor-widget-container\">\n<p><strong>El Ayuntamiento de Antigua refuerza su equipo t\u00e9cnico con el nombramiento de una nueva funcionaria de carrera<\/strong><\/p>\n<p><strong>\u2022 La actual Jurista del Ayuntamiento de Antigua toma posesi\u00f3n de la plaza de T\u00e9cnica de Administraci\u00f3n General. <\/strong><br \/><strong>\u2022 Me siento orgulloso del comprometido, preparado y profesional equipo t\u00e9cnico del Ayuntamiento de Antigua, afirma el alcalde, Mat\u00edas Pe\u00f1a Garc\u00eda, consolidar una profesional como Nazaret, magn\u00edfica jurista y mejor asesora es una muy buena noticia para todos el Municipio.<\/strong><\/p>\n<p>El alcalde de Antigua, Mat\u00edas Pe\u00f1a Garc\u00eda, ha dictado la Resoluci\u00f3n n\u00famero 2026-0024, con fecha de 9 de enero de 2026, por la que se oficializa y consolida el nombramiento de Nazaret de Jes\u00fas Umpi\u00e9rrez del R\u00edo como personal funcionaria de carrera de la instituci\u00f3n.<\/p>\n<p>La nueva funcionaria ocupar\u00e1 la plaza de T\u00e9cnica de Administraci\u00f3n General, integrada en la escala de Administraci\u00f3n General, subescala T\u00e9cnica, clase Superior, detalla el alcalde.<\/p>\n<p>Felicitar a Nazaret por dos razones principales, a\u00f1ade el regidor, la magn\u00edfica labor realizada hasta la fecha como Jurista del Ayuntamiento, asesorando la gesti\u00f3n en cada paso y decisi\u00f3n, y ahora, felicitarla por su progreso, merecido ante el compromiso mostrado y necesario para esta Administraci\u00f3n, consolidando as\u00ed la plaza como funcionaria de T\u00e9cnica de Administraci\u00f3n General, asumiendo el servicio de fiscalizar, revisar o elaborar los procedimientos principales del Ayuntamiento.<\/p>\n<p>Me siento orgulloso del comprometido, preparado y profesional equipo t\u00e9cnico del Ayuntamiento de Antigua, afirma Mat\u00edas Pe\u00f1a, consolidar una profesional como Nazaret, magn\u00edfica jurista y mejor asesora es una muy buena noticia para todos el Municipio.<\/p>\n<p>Este refuerzo en el \u00e1rea t\u00e9cnica supone un paso importante en la profesionalizaci\u00f3n y mejora de la capacidad administrativa del Ayuntamiento de Antigua para la prestaci\u00f3n de servicios p\u00fablicos.<\/p>\n<p>La toma de posesi\u00f3n se realiza inmediatamente despu\u00e9s de ser publicada la resoluci\u00f3n en el BOP Las Palmas, N\u00fam.6 con fecha 14 de enero 2026. Con esta incorporaci\u00f3n, el Ayuntamiento de Antigua contin\u00faa con su compromiso de personal altamente cualificado para garantizar una gesti\u00f3n eficiente y ajustada a los procedimientos legales, concluye, Mat\u00edas Pe\u00f1a Garc\u00eda.<\/p>\n<p>\u00a0<\/p>\n<\/div>\n","protected":false},"excerpt":{"rendered":"<p><strong>El Ayuntamiento de Antigua refuerza su equipo t\u00e9cnico con el nombramiento de una nueva funcionaria de carrera<\/strong><\/p>\n","protected":false},"author":1,"featured_media":16184,"comment_status":"open","ping_status":"open","sticky":false,"template":"","format":"standard","meta":{"inline_featured_image":false,"jnews-multi-image_gallery":[],"jnews_single_post":[],"jnews_primary_category":[],"jnews_social_meta":[],"jnews_override_counter":[],"jnews_post_split":[],"footnotes":""},"categories":[59],"tags":[66],"class_list":["post-16182","post","type-post","status-publish","format-standard","has-post-thumbnail","hentry","category-antigua","tag-servicios-publicos"],"jetpack_featured_media_url":"https:\/\/informacionlocal.es\/wp-content\/uploads\/2026\/01\/toma-posesioin-nueva-funcionaria-de-carrera-en-antigua-4-scaled-1.jpg","_links":{"self":[{"href":"https:\/\/informacionlocal.es\/it\/wp-json\/wp\/v2\/posts\/16182","targetHints":{"allow":["GET"]}}],"collection":[{"href":"https:\/\/informacionlocal.es\/it\/wp-json\/wp\/v2\/posts"}],"about":[{"href":"https:\/\/informacionlocal.es\/it\/wp-json\/wp\/v2\/types\/post"}],"author":[{"embeddable":true,"href":"https:\/\/informacionlocal.es\/it\/wp-json\/wp\/v2\/users\/1"}],"replies":[{"embeddable":true,"href":"https:\/\/informacionlocal.es\/it\/wp-json\/wp\/v2\/comments?post=16182"}],"version-history":[{"count":0,"href":"https:\/\/informacionlocal.es\/it\/wp-json\/wp\/v2\/posts\/16182\/revisions"}],"wp:featuredmedia":[{"embeddable":true,"href":"https:\/\/informacionlocal.es\/it\/wp-json\/wp\/v2\/media\/16184"}],"wp:attachment":[{"href":"https:\/\/informacionlocal.es\/it\/wp-json\/wp\/v2\/media?parent=16182"}],"wp:term":[{"taxonomy":"category","embeddable":true,"href":"https:\/\/informacionlocal.es\/it\/wp-json\/wp\/v2\/categories?post=16182"},{"taxonomy":"post_tag","embeddable":true,"href":"https:\/\/informacionlocal.es\/it\/wp-json\/wp\/v2\/tags?post=16182"}],"curies":[{"name":"wp","href":"https:\/\/api.w.org\/{rel}","templated":true}]}}