{"id":16176,"date":"2026-01-15T16:01:45","date_gmt":"2026-01-15T16:01:45","guid":{"rendered":"https:\/\/informacionlocal.es\/el-cabildo-de-fuerteventura-firma-el-inicio-de-las-obras-para-culminar-la-planta-de-clasificacion-y-compostaje-de-zurita\/"},"modified":"2026-01-15T16:01:45","modified_gmt":"2026-01-15T16:01:45","slug":"el-cabildo-de-fuerteventura-firma-el-inicio-de-las-obras-para-culminar-la-planta-de-clasificacion-y-compostaje-de-zurita","status":"publish","type":"post","link":"https:\/\/informacionlocal.es\/it\/el-cabildo-de-fuerteventura-firma-el-inicio-de-las-obras-para-culminar-la-planta-de-clasificacion-y-compostaje-de-zurita\/","title":{"rendered":"El Cabildo de Fuerteventura firma el inicio de las obras para culminar la planta de clasificaci\u00f3n y compostaje de Zurita"},"content":{"rendered":"<div class=\"entry-content\"><strong>15 enero, 2026<\/strong><\/p>\n<p><em><strong>Unas obras que dependen del Gobierno de Canarias y que han sido reivindicadas por la Corporaci\u00f3n insular ya que permitir\u00e1n reciclar alrededor del 50% de los residuos que van al vertedero<\/strong><\/em><\/p>\n<p>Las obras de la planta de clasificaci\u00f3n y compostaje del Complejo Ambiental de Zurita se retoman tras la firma del acta de replanteo celebrada hoy en la sede del Cabildo de Fuerteventura. La presidenta del Cabildo de Fuerteventura, Lola Garc\u00eda, celebra que \u201cpor fin se retomen unas obras que dependen de la Comunidad Aut\u00f3noma y que son indispensables para la modernizaci\u00f3n de Zurita y la mejora del tratamiento de los residuos en Fuerteventura\u201d. Desde el Cabildo de Fuerteventura, \u201cdespu\u00e9s de mucho tiempo exigi\u00e9ndolo, hemos conseguido el compromiso del Gobierno de Canarias para iniciar la segunda fase de las obras, tras a\u00f1os de retraso\u201d.<\/p>\n<p>Durante el acto de firma, el consejero de Residuos, Enrique P\u00e9rez, indic\u00f3 que \u201ceste es otro paso m\u00e1s dentro del trabajo que ha venido haciendo el Cabildo para mejorar el tratamiento de los residuos en Fuerteventura, la isla canaria que m\u00e1s ha crecido en reciclaje\u201d.<\/p>\n<p>Adem\u00e1s de adaptarse a la normativa y cumplir con los objetivos marcados en el Plan Insular de Residuos, \u201cesta nueva planta va a permitir separar los residuos que actualmente van a celda, lo que, sumado a una cada vez mayor concienciaci\u00f3n, evitar\u00e1 verter alrededor del 50% de residuos que van al vertedero, permitiendo avanzar a Fuerteventura en sostenibilidad y econom\u00eda circular\u201d, a\u00f1adi\u00f3 Enrique P\u00e9rez.<\/p>\n<p>Paralelamente, desde la Corporaci\u00f3n insular, \u201cseguimos priorizando y trabajando en inversiones para seguir mejorando el tratamiento de los residuos en la isla canaria que m\u00e1s ha crecido en reciclaje. De esta manera, se modernizar\u00e1n las instalaciones de Zurita con las obras ya en contrataci\u00f3n por alrededor de 3 millones de euros y las plantas de transferencia que se encuentran distribuidas por todo el territorio insular\u201d.<\/p>\n<p>Por su parte, el consejero de Transici\u00f3n Ecol\u00f3gica y Energ\u00eda, Mariano Hern\u00e1ndez Zapata, \u201chablar de futuro en Fuerteventura para por una gesti\u00f3n eficiente de los residuos. Por fin, tras a\u00f1os de paralizaciones, podemos decir que Zurita va a tener estas obras tan necesarias de planta de clasificaci\u00f3n y compostaje\u201d. \u201cHoy se da el pistoletazo de salida a esas obras para seguir cumpliendo la hoja de ruta de la estrategia de econom\u00eda circular\u201d.<\/p>\n<p>El proyecto de la Planta de Compostaje y Clasificaci\u00f3n del Complejo Ambiental de Zurita es una demanda hist\u00f3rica del Cabildo de Fuerteventura. Unas obras dependientes de la Consejer\u00eda de Transici\u00f3n Ecol\u00f3gica y Energ\u00eda, con una inversi\u00f3n total de 17 millones de euros.<\/p>\n<p>Las actuaciones permitir\u00e1n poner en marcha, por un lado, la planta de clasificaci\u00f3n, que separar\u00e1 y valorizar\u00e1 los residuos reciclables, que no se separan en origen, y por otro la planta de compostaje, que transformar\u00e1 la fracci\u00f3n org\u00e1nica en compost utilizable para fines agr\u00edcolas, forestales y paisaj\u00edsticos.<\/p>\n<p>Estas instalaciones ser\u00e1n clave para que la isla cumpla los objetivos de reciclaje y econom\u00eda circular fijados para 2026, reforzando la coordinaci\u00f3n entre el Gobierno de Canarias, el Cabildo y los ayuntamientos.<\/p>\n<\/div>\n","protected":false},"excerpt":{"rendered":"<p>15 enero, 2026 Unas obras que dependen del Gobierno de Canarias y que han sido reivindicadas por la Corporaci\u00f3n insular ya que permitir\u00e1n reciclar alrededor del 50% de los residuos [&hellip;]<\/p>\n","protected":false},"author":1,"featured_media":16178,"comment_status":"open","ping_status":"open","sticky":false,"template":"","format":"standard","meta":{"inline_featured_image":false,"jnews-multi-image_gallery":[],"jnews_single_post":[],"jnews_primary_category":[],"jnews_social_meta":[],"jnews_override_counter":[],"jnews_post_split":[],"footnotes":""},"categories":[58],"tags":[82],"class_list":["post-16176","post","type-post","status-publish","format-standard","has-post-thumbnail","hentry","category-cabildo","tag-fuerteventura"],"jetpack_featured_media_url":"https:\/\/informacionlocal.es\/wp-content\/uploads\/2026\/01\/1768483508-e4a027357ada926a5604ad11e1c36fa2.jpg","_links":{"self":[{"href":"https:\/\/informacionlocal.es\/it\/wp-json\/wp\/v2\/posts\/16176","targetHints":{"allow":["GET"]}}],"collection":[{"href":"https:\/\/informacionlocal.es\/it\/wp-json\/wp\/v2\/posts"}],"about":[{"href":"https:\/\/informacionlocal.es\/it\/wp-json\/wp\/v2\/types\/post"}],"author":[{"embeddable":true,"href":"https:\/\/informacionlocal.es\/it\/wp-json\/wp\/v2\/users\/1"}],"replies":[{"embeddable":true,"href":"https:\/\/informacionlocal.es\/it\/wp-json\/wp\/v2\/comments?post=16176"}],"version-history":[{"count":0,"href":"https:\/\/informacionlocal.es\/it\/wp-json\/wp\/v2\/posts\/16176\/revisions"}],"wp:featuredmedia":[{"embeddable":true,"href":"https:\/\/informacionlocal.es\/it\/wp-json\/wp\/v2\/media\/16178"}],"wp:attachment":[{"href":"https:\/\/informacionlocal.es\/it\/wp-json\/wp\/v2\/media?parent=16176"}],"wp:term":[{"taxonomy":"category","embeddable":true,"href":"https:\/\/informacionlocal.es\/it\/wp-json\/wp\/v2\/categories?post=16176"},{"taxonomy":"post_tag","embeddable":true,"href":"https:\/\/informacionlocal.es\/it\/wp-json\/wp\/v2\/tags?post=16176"}],"curies":[{"name":"wp","href":"https:\/\/api.w.org\/{rel}","templated":true}]}}