{"id":16074,"date":"2026-01-13T15:01:36","date_gmt":"2026-01-13T15:01:36","guid":{"rendered":"https:\/\/informacionlocal.es\/fuerteventura-se-incorpora-al-proyecto-palmac-para-garantizar-la-continuidad-de-los-palmerales-autoctonos-de-la-macaronesia\/"},"modified":"2026-01-13T15:01:36","modified_gmt":"2026-01-13T15:01:36","slug":"fuerteventura-se-incorpora-al-proyecto-palmac-para-garantizar-la-continuidad-de-los-palmerales-autoctonos-de-la-macaronesia","status":"publish","type":"post","link":"https:\/\/informacionlocal.es\/it\/fuerteventura-se-incorpora-al-proyecto-palmac-para-garantizar-la-continuidad-de-los-palmerales-autoctonos-de-la-macaronesia\/","title":{"rendered":"Fuerteventura se incorpora al proyecto Palmac para garantizar la continuidad de los palmerales aut\u00f3ctonos de la Macaronesia"},"content":{"rendered":"<div class=\"entry-content\"><strong>13 enero, 2026<\/strong><\/p>\n<p><em><strong>Incluido en el programa Interreg Mac de la UE, analiza la gen\u00e9tica de las palmeras canarias y caboverdianas para lograr estrategias de supervivencia frente a plagas y al cambio clim\u00e1tico<\/strong><\/em><\/p>\n<p><em><strong>Participan los cabildos de Fuerteventura y Gran Canaria, el Instituto Agrario de Cabo Verde, Gesplan y la Universidad de Las Palmas de Gran Canaria<\/strong><\/em><\/p>\n<p>Los palmerales aut\u00f3ctonos de Fuerteventura son<br \/>\nvulnerables a plagas externas y cambios medioambientales dr\u00e1sticos, y el<br \/>\nCabildo contin\u00faa liderando iniciativas para su conservaci\u00f3n. La \u00faltima es su<br \/>\nincorporaci\u00f3n al proyecto Palmac, cuyo objetivo es la adaptaci\u00f3n de los<br \/>\npalmerales de la Macaronesia (Phoenix canariensis y Phoenix atl\u00e1ntica) a estos<br \/>\ncambios mediante t\u00e9cnicas gen\u00e9ticas y modelos predictivos.<\/p>\n<p>El proyecto Palmac, con financiaci\u00f3n del<br \/>\nprograma Interreg Mac de la Uni\u00f3n Europea y participaci\u00f3n de los cabildos de<br \/>\nFuerteventura y Gran Canaria, del Instituto Agrario de Cabo Verde, de Gesplan y<br \/>\nde la Universidad de Las Palmas de Gran Canaria, analiza la gen\u00e9tica de las<br \/>\npalmeras canarias y caboverdianas para lograr estrategias de supervivencia<br \/>\nfrente a estas situaciones.<\/p>\n<p>La consejera de Reserva de la Biosfera del<br \/>\nCabildo de Fuerteventura, Marlene Figueroa, destaca la incorporaci\u00f3n de la isla<br \/>\na este proyecto, que ya acumula la experiencia de los trabajos realizados en La<br \/>\nGomera, isla que re\u00fane al mayor n\u00famero de ejemplares de Phoenix canariensis. <\/p>\n<p>\u201cLas poblaciones de palmeras aut\u00f3ctonas de<br \/>\nCanarias rondan los 300.000 ejemplares, pero son vulnerables a factores<br \/>\nincontrolables y cada vez m\u00e1s frecuentes y prolongados como los periodos de<br \/>\nsequ\u00eda\u201d, se\u00f1ala Marlene Figueroa. \u201cLa palmera canaria es m\u00e1s vulnerable que<br \/>\notras especies porque crece all\u00ed donde hay agua en el subsuelo, muriendo si<br \/>\nmerma el nivel fre\u00e1tico\u201d.<\/p>\n<p>En una reuni\u00f3n de coordinaci\u00f3n celebrada este<br \/>\nlunes, particip\u00f3, adem\u00e1s, el consejero Enrique P\u00e9rez, quien destac\u00f3 la<br \/>\nproblem\u00e1tica que enfrentan las palmeras como especie vulnerable, con diferentes<br \/>\nmedidas que se articulan desde el Cabildo y otras instituciones para su<br \/>\nconservaci\u00f3n, como es el caso del proyecto Palmac.<\/p>\n<p>En este sentido, el proyecto Palmac estudiar\u00e1<br \/>\nsobre el terreno los palmerales y las condiciones fre\u00e1ticas (caracter\u00edsticas y<br \/>\nnivel de profundidad en el que se encuentra) del agua del subsuelo. Por lo<br \/>\ntanto, actuar\u00e1 en uno de los ecosistemas donde m\u00e1s repercute, negativamente, el<br \/>\ncambio clim\u00e1tico.<\/p>\n<p>Otra de las acciones se centrar\u00e1 en la<br \/>\ncreaci\u00f3n de un portal online, disponible para el p\u00fablico general, que permitir\u00e1<br \/>\nconocer la distribuci\u00f3n de las palmeras y palmerales, su estado y su evoluci\u00f3n<br \/>\nmediante un sistema de informaci\u00f3n geogr\u00e1fica. Al mismo tiempo, el proyecto<br \/>\nincluye una parte gen\u00f3mica y gen\u00e9tica, con la que se pretenden descubrir las<br \/>\nmodificaciones gen\u00e9ticas que sufren las palmeras end\u00e9micas de Canarias y de<br \/>\nCabo Verde por su adaptaci\u00f3n al clima.<\/p>\n<p>Interreg Mac es el programa de cooperaci\u00f3n espec\u00edfico<br \/>\nde la Uni\u00f3n Europa para Madeira, Azores y Canarias (Mac), aprobado por la<br \/>\nComisi\u00f3n Europea el 21 de septiembre de 2022.<\/p>\n<\/div>\n","protected":false},"excerpt":{"rendered":"<p>13 enero, 2026 Incluido en el programa Interreg Mac de la UE, analiza la gen\u00e9tica de las palmeras canarias y caboverdianas para lograr estrategias de supervivencia frente a plagas y [&hellip;]<\/p>\n","protected":false},"author":1,"featured_media":16076,"comment_status":"open","ping_status":"open","sticky":false,"template":"","format":"standard","meta":{"inline_featured_image":false,"jnews-multi-image_gallery":[],"jnews_single_post":[],"jnews_primary_category":[],"jnews_social_meta":[],"jnews_override_counter":[],"jnews_post_split":[],"footnotes":""},"categories":[58],"tags":[82],"class_list":["post-16074","post","type-post","status-publish","format-standard","has-post-thumbnail","hentry","category-cabildo","tag-fuerteventura"],"jetpack_featured_media_url":"https:\/\/informacionlocal.es\/wp-content\/uploads\/2026\/01\/palmac.jpeg","_links":{"self":[{"href":"https:\/\/informacionlocal.es\/it\/wp-json\/wp\/v2\/posts\/16074","targetHints":{"allow":["GET"]}}],"collection":[{"href":"https:\/\/informacionlocal.es\/it\/wp-json\/wp\/v2\/posts"}],"about":[{"href":"https:\/\/informacionlocal.es\/it\/wp-json\/wp\/v2\/types\/post"}],"author":[{"embeddable":true,"href":"https:\/\/informacionlocal.es\/it\/wp-json\/wp\/v2\/users\/1"}],"replies":[{"embeddable":true,"href":"https:\/\/informacionlocal.es\/it\/wp-json\/wp\/v2\/comments?post=16074"}],"version-history":[{"count":0,"href":"https:\/\/informacionlocal.es\/it\/wp-json\/wp\/v2\/posts\/16074\/revisions"}],"wp:featuredmedia":[{"embeddable":true,"href":"https:\/\/informacionlocal.es\/it\/wp-json\/wp\/v2\/media\/16076"}],"wp:attachment":[{"href":"https:\/\/informacionlocal.es\/it\/wp-json\/wp\/v2\/media?parent=16074"}],"wp:term":[{"taxonomy":"category","embeddable":true,"href":"https:\/\/informacionlocal.es\/it\/wp-json\/wp\/v2\/categories?post=16074"},{"taxonomy":"post_tag","embeddable":true,"href":"https:\/\/informacionlocal.es\/it\/wp-json\/wp\/v2\/tags?post=16074"}],"curies":[{"name":"wp","href":"https:\/\/api.w.org\/{rel}","templated":true}]}}