{"id":16054,"date":"2026-01-12T15:59:31","date_gmt":"2026-01-12T15:59:31","guid":{"rendered":"https:\/\/informacionlocal.es\/pajara-registra-un-descenso-del-paro-de-73-con-respecto-al-ano-anterior\/"},"modified":"2026-01-12T15:59:31","modified_gmt":"2026-01-12T15:59:31","slug":"pajara-registra-un-descenso-del-paro-de-73-con-respecto-al-ano-anterior","status":"publish","type":"post","link":"https:\/\/informacionlocal.es\/it\/pajara-registra-un-descenso-del-paro-de-73-con-respecto-al-ano-anterior\/","title":{"rendered":"P\u00e1jara registra un descenso del paro de 7,3% con respecto al a\u00f1o anterior\u00a0"},"content":{"rendered":"<div class=\"entry-content\">\n<p><b><i>El a\u00f1o cierra con 648 personas en situaci\u00f3n de desempleo en el municipio<\/i><\/b><\/p>\n<p><span>El municipio de P\u00e1jara cerr\u00f3 2025 con un \u00edndice de desempleo inferior al registrado en el ejercicio del a\u00f1o anterior. En total, seg\u00fan los datos oficiales aportados por el Observatorio Canario de Empleo (Obecan) en 2025, se han contabilizado un total de 648 personas en situaci\u00f3n de desempleo, es decir un 7,3% menos con respecto al a\u00f1o anterior.\u00a0<\/span><\/p>\n<p><span>La concejala de Agencia de Desarrollo Local, Formaci\u00f3n y Empleo del Ayuntamiento de P\u00e1jara, Luc\u00eda Darriba, afirma que \u201cestos resultados reflejan la tendencia positiva que ha mantenido el municipio desde junio de 2023. La cifra de desempleo ha ido disminuyendo de manera constante, lo que nos anima a seguir trabajando en apoyo a las pymes, empresas y emprendedores para mantener esta trayectoria, esta es la f\u00f3rmula para impulsar la econom\u00eda local y generar empleo estable y de calidad\u201d.\u00a0<\/span><\/p>\n<p><span>Por su parte, el alcalde de P\u00e1jara, Alejandro Jorge, destaca que \u201cla disminuci\u00f3n del desempleo es un dato muy positivo\u201d. Adem\u00e1s, subraya que \u201clas acciones de este Grupo de Gobierno, est\u00e1n encaminadas, desde que se iniciara el presente mandato, en propiciar acciones que ayudaran a este fin, tanto con la mejora de los servicios y actividades, as\u00ed como en la mejora de la inversi\u00f3n p\u00fablica. Sin duda P\u00e1jara es un municipio que genera oportunidades para aquellas personas o entidades que tienen la ilusi\u00f3n de sacar su proyecto adelante\u201d.\u00a0<\/span><\/p>\n<\/div>\n","protected":false},"excerpt":{"rendered":"<p><i>El a\u00f1o cierra con 648 personas en situaci\u00f3n de desempleo en el municipio<\/i><\/p>\n","protected":false},"author":1,"featured_media":16056,"comment_status":"open","ping_status":"open","sticky":false,"template":"","format":"standard","meta":{"inline_featured_image":false,"jnews-multi-image_gallery":[],"jnews_single_post":[],"jnews_primary_category":[],"jnews_social_meta":[],"jnews_override_counter":[],"jnews_post_split":[],"footnotes":""},"categories":[63],"tags":[],"class_list":["post-16054","post","type-post","status-publish","format-standard","has-post-thumbnail","hentry","category-pajara"],"jetpack_featured_media_url":"https:\/\/informacionlocal.es\/wp-content\/uploads\/2026\/01\/paro.jpeg","_links":{"self":[{"href":"https:\/\/informacionlocal.es\/it\/wp-json\/wp\/v2\/posts\/16054","targetHints":{"allow":["GET"]}}],"collection":[{"href":"https:\/\/informacionlocal.es\/it\/wp-json\/wp\/v2\/posts"}],"about":[{"href":"https:\/\/informacionlocal.es\/it\/wp-json\/wp\/v2\/types\/post"}],"author":[{"embeddable":true,"href":"https:\/\/informacionlocal.es\/it\/wp-json\/wp\/v2\/users\/1"}],"replies":[{"embeddable":true,"href":"https:\/\/informacionlocal.es\/it\/wp-json\/wp\/v2\/comments?post=16054"}],"version-history":[{"count":0,"href":"https:\/\/informacionlocal.es\/it\/wp-json\/wp\/v2\/posts\/16054\/revisions"}],"wp:featuredmedia":[{"embeddable":true,"href":"https:\/\/informacionlocal.es\/it\/wp-json\/wp\/v2\/media\/16056"}],"wp:attachment":[{"href":"https:\/\/informacionlocal.es\/it\/wp-json\/wp\/v2\/media?parent=16054"}],"wp:term":[{"taxonomy":"category","embeddable":true,"href":"https:\/\/informacionlocal.es\/it\/wp-json\/wp\/v2\/categories?post=16054"},{"taxonomy":"post_tag","embeddable":true,"href":"https:\/\/informacionlocal.es\/it\/wp-json\/wp\/v2\/tags?post=16054"}],"curies":[{"name":"wp","href":"https:\/\/api.w.org\/{rel}","templated":true}]}}