{"id":16024,"date":"2026-01-09T18:59:29","date_gmt":"2026-01-09T18:59:29","guid":{"rendered":"https:\/\/informacionlocal.es\/abierto-el-plazo-de-inscripcion-para-participar-en-el-rastro-municipal-de-puerto-del-rosario-2026\/"},"modified":"2026-01-09T18:59:29","modified_gmt":"2026-01-09T18:59:29","slug":"abierto-el-plazo-de-inscripcion-para-participar-en-el-rastro-municipal-de-puerto-del-rosario-2026","status":"publish","type":"post","link":"https:\/\/informacionlocal.es\/it\/abierto-el-plazo-de-inscripcion-para-participar-en-el-rastro-municipal-de-puerto-del-rosario-2026\/","title":{"rendered":"Abierto el plazo de inscripci\u00f3n para participar en el Rastro municipal de Puerto del Rosario 2026"},"content":{"rendered":"<div class=\"entry-content\">\n<h1><span>El Ayuntamiento de Puerto del Rosario, a trav\u00e9s de la Concejal\u00eda de Comercio, ha abierto el plazo de inscripci\u00f3n para los interesados en participar en el Rastro municipal que se celebra cada domingo en la Plaza de la Paz.<\/span><\/h1>\n<p><span>Los permisos se conceder\u00e1n por un per\u00edodo de un a\u00f1o y se podr\u00e1n instalar los puestos, que en 2026 volver\u00e1n a contar con carpas que dotan al espacio de una imagen m\u00e1s uniforme y atractiva para los compradores.<\/span><\/p>\n<p><span>Para el <strong>alcalde, David de Vera,<\/strong> \u201cel Rastro es un punto de encuentro tradicional, donde los vecinos\/as pueden conseguir diferentes productos a la vez que interact\u00faan en uno de los principales espacios p\u00fablicos del municipio\u201d<\/span><\/p>\n<p><span>La <strong>concejala de Comercio, Tacoremi Guti\u00e9rrez,<\/strong> destaca que \u201chabr\u00e1 un espacio para colectivos y asociaciones, junto a los tradicionales puestos, de forma que haya diferentes opciones para los interesados\u201d.<\/span><\/p>\n<p><span>Los interesados disponen desde el 12 hasta el 29 de enero para cumplimentar el formulario de inscripci\u00f3n, que se puede descargar en el \u00e1rea tem\u00e1tica de \u2018Comercio\u2019 de la web municipal\u00a0<strong>www.puertodelrosario.org<\/strong>\u00a0y, posteriormente, presentar la documentaci\u00f3n mediante registro de entrada o registro electr\u00f3nico en el Ayuntamiento.<\/span><\/p>\n<p><span>Una vez presentada la inscripci\u00f3n, ser\u00e1 el departamento de Comercio el que notifique a la persona solicitante, mediante correo electr\u00f3nico o llamada telef\u00f3nica, la adjudicaci\u00f3n del puesto en este Mercadillo municipal. Los puestos se adjudicar\u00e1n por orden de registro de solicitud y empadronamiento en el municipio, y tendr\u00e1n una validez anual.<\/span><\/p>\n<p><span>Para m\u00e1s informaci\u00f3n, pueden acudir al departamento de Comercio del Ayuntamiento de Puerto del Rosario, situado en el edificio principal en la calle Fern\u00e1ndez Casta\u00f1eyra, n\u00famero 2, o contactar a trav\u00e9s del tel\u00e9fono 928 850 110, ext. 149, o mediante el correo electr\u00f3nico\u00a0<strong>comercio@puertodelrosario.org<\/strong><\/span><\/p>\n<\/div>\n","protected":false},"excerpt":{"rendered":"<p>El Ayuntamiento de Puerto del Rosario, a trav\u00e9s de la Concejal\u00eda de Comercio, ha abierto el plazo de inscripci\u00f3n para los interesados en participar en el Rastro municipal que se [&hellip;]<\/p>\n","protected":false},"author":1,"featured_media":16026,"comment_status":"open","ping_status":"open","sticky":false,"template":"","format":"standard","meta":{"inline_featured_image":false,"jnews-multi-image_gallery":[],"jnews_single_post":[],"jnews_primary_category":[],"jnews_social_meta":[],"jnews_override_counter":[],"jnews_post_split":[],"footnotes":""},"categories":[61],"tags":[80],"class_list":["post-16024","post","type-post","status-publish","format-standard","has-post-thumbnail","hentry","category-puerto-del-rosario","tag-empadronamiento"],"jetpack_featured_media_url":"https:\/\/informacionlocal.es\/wp-content\/uploads\/2026\/01\/rastro-t3-archivo-carpa2.jpg","_links":{"self":[{"href":"https:\/\/informacionlocal.es\/it\/wp-json\/wp\/v2\/posts\/16024","targetHints":{"allow":["GET"]}}],"collection":[{"href":"https:\/\/informacionlocal.es\/it\/wp-json\/wp\/v2\/posts"}],"about":[{"href":"https:\/\/informacionlocal.es\/it\/wp-json\/wp\/v2\/types\/post"}],"author":[{"embeddable":true,"href":"https:\/\/informacionlocal.es\/it\/wp-json\/wp\/v2\/users\/1"}],"replies":[{"embeddable":true,"href":"https:\/\/informacionlocal.es\/it\/wp-json\/wp\/v2\/comments?post=16024"}],"version-history":[{"count":0,"href":"https:\/\/informacionlocal.es\/it\/wp-json\/wp\/v2\/posts\/16024\/revisions"}],"wp:featuredmedia":[{"embeddable":true,"href":"https:\/\/informacionlocal.es\/it\/wp-json\/wp\/v2\/media\/16026"}],"wp:attachment":[{"href":"https:\/\/informacionlocal.es\/it\/wp-json\/wp\/v2\/media?parent=16024"}],"wp:term":[{"taxonomy":"category","embeddable":true,"href":"https:\/\/informacionlocal.es\/it\/wp-json\/wp\/v2\/categories?post=16024"},{"taxonomy":"post_tag","embeddable":true,"href":"https:\/\/informacionlocal.es\/it\/wp-json\/wp\/v2\/tags?post=16024"}],"curies":[{"name":"wp","href":"https:\/\/api.w.org\/{rel}","templated":true}]}}