{"id":15940,"date":"2026-01-08T09:00:34","date_gmt":"2026-01-08T09:00:34","guid":{"rendered":"https:\/\/informacionlocal.es\/el-cabildo-impulsa-emprendimiento-digital-y-presencia-online-una-nueva-formacion-sobre-competencias-digitales\/"},"modified":"2026-01-08T09:00:34","modified_gmt":"2026-01-08T09:00:34","slug":"el-cabildo-impulsa-emprendimiento-digital-y-presencia-online-una-nueva-formacion-sobre-competencias-digitales","status":"publish","type":"post","link":"https:\/\/informacionlocal.es\/it\/el-cabildo-impulsa-emprendimiento-digital-y-presencia-online-una-nueva-formacion-sobre-competencias-digitales\/","title":{"rendered":"El Cabildo impulsa \u201cEmprendimiento digital y presencia online\u201d, una nueva formaci\u00f3n sobre competencias digitales"},"content":{"rendered":"<div class=\"entry-content\"><strong>8 enero, 2026<\/strong><\/p>\n<p><strong><em>El curso formativo se desarrollar\u00e1 en Morro Jable durante tres<br \/>\nd\u00edas y en diferentes horarios para facilitar la participaci\u00f3n de las personas<br \/>\ninteresadas<\/em><\/strong><\/p>\n<p>El Cabildo de Fuerteventura, a trav\u00e9s de la Consejer\u00eda de Nuevas<br \/>\nTecnolog\u00edas, organiza la acci\u00f3n formativa \u201cEmprendimiento digital y presencia<br \/>\nonline\u201d, que se enmarca dentro del programa \u201cCharlas y Cursos de Formaci\u00f3n<br \/>\nConecta y Crece Digital\u201d, orientado a acercar las competencias digitales a la<br \/>\nciudadan\u00eda, profesionales y peque\u00f1as empresas de la Isla.<\/p>\n<p>La propuesta combina una charla sobre modelos de negocio digitales<br \/>\ne identidad digital con un curso pr\u00e1ctico centrado en la creaci\u00f3n y mejora de<br \/>\nla presencia online. El objetivo es que las personas participantes descubran<br \/>\nnuevas oportunidades para emprender en Internet, aprendan a dise\u00f1ar propuestas<br \/>\nde valor adaptadas al entorno digital y conozcan las claves para construir una<br \/>\nidentidad coherente y profesional en redes y plataformas online.<\/p>\n<p>Durante el curso se trabajar\u00e1 la creaci\u00f3n de p\u00e1ginas web<br \/>\nsencillas, el posicionamiento b\u00e1sico en buscadores y el uso de herramientas<br \/>\naccesibles como Canva y Wix, de forma que cualquier persona pueda dise\u00f1ar su<br \/>\npropia presencia digital sin necesidad de conocimientos t\u00e9cnicos avanzados. La<br \/>\nmetodolog\u00eda ser\u00e1 eminentemente pr\u00e1ctica, con ejercicios guiados paso a paso y<br \/>\nejemplos aplicados a proyectos reales, negocios locales y nuevas iniciativas<br \/>\nemprendedoras.<\/p>\n<p>La formaci\u00f3n se desarrollar\u00e1 en Morro Jable los d\u00edas viernes 16,<br \/>\ns\u00e1bado 17 y domingo 18 de enero. El horario ser\u00e1 el viernes de 16.00 a 19.00<br \/>\nhoras, y el s\u00e1bado y domingo de 9.00 a 14.00 horas, facilitando la<br \/>\nparticipaci\u00f3n de personas trabajadoras y emprendedoras del municipio y del<br \/>\nresto de la Isla.<\/p>\n<p>Seg\u00fan la consejera del \u00e1rea, Carmen Alonso, \u201cno se trata solo de<br \/>\ntener presencia en Internet, sino de aprender a utilizar las herramientas<br \/>\ndigitales para generar empleo, diversificar la econom\u00eda y dar m\u00e1s visibilidad a<br \/>\nlos negocios locales y proyectos emprendedores de la Isla\u201d. A\u00f1ade, adem\u00e1s, que<br \/>\n\u201cMorro Jable es un enclave estrat\u00e9gico para seguir acercando la formaci\u00f3n<br \/>\ntecnol\u00f3gica al sur de la Isla y acompa\u00f1ar a pymes, aut\u00f3nomos y personas en<br \/>\nb\u00fasqueda de nuevas oportunidades profesionales en su proceso de digitalizaci\u00f3n\u201d.<\/p>\n<p>La actividad es gratuita y cuenta con plazas limitadas, por lo que<br \/>\nse requiere inscripci\u00f3n previa a trav\u00e9s de la p\u00e1gina web cabildofuer.es, en el<br \/>\napartado de Nuevas Tecnolog\u00edas. La iniciativa se enmarca en la estrategia<br \/>\ninsular para reducir la brecha digital, impulsar el emprendimiento y reforzar<br \/>\nla competitividad del tejido econ\u00f3mico local mediante programas formativos<br \/>\nespecializados y gratuitos.<\/p>\n<\/div>\n","protected":false},"excerpt":{"rendered":"<p>8 enero, 2026 El curso formativo se desarrollar\u00e1 en Morro Jable durante tres d\u00edas y en diferentes horarios para facilitar la participaci\u00f3n de las personas interesadas El Cabildo de Fuerteventura, [&hellip;]<\/p>\n","protected":false},"author":1,"featured_media":15942,"comment_status":"open","ping_status":"open","sticky":false,"template":"","format":"standard","meta":{"inline_featured_image":false,"jnews-multi-image_gallery":[],"jnews_single_post":[],"jnews_primary_category":[],"jnews_social_meta":[],"jnews_override_counter":[],"jnews_post_split":[],"footnotes":""},"categories":[58],"tags":[82],"class_list":["post-15940","post","type-post","status-publish","format-standard","has-post-thumbnail","hentry","category-cabildo","tag-fuerteventura"],"jetpack_featured_media_url":"https:\/\/informacionlocal.es\/wp-content\/uploads\/2026\/01\/emprendimiento-digital.jpeg","_links":{"self":[{"href":"https:\/\/informacionlocal.es\/it\/wp-json\/wp\/v2\/posts\/15940","targetHints":{"allow":["GET"]}}],"collection":[{"href":"https:\/\/informacionlocal.es\/it\/wp-json\/wp\/v2\/posts"}],"about":[{"href":"https:\/\/informacionlocal.es\/it\/wp-json\/wp\/v2\/types\/post"}],"author":[{"embeddable":true,"href":"https:\/\/informacionlocal.es\/it\/wp-json\/wp\/v2\/users\/1"}],"replies":[{"embeddable":true,"href":"https:\/\/informacionlocal.es\/it\/wp-json\/wp\/v2\/comments?post=15940"}],"version-history":[{"count":0,"href":"https:\/\/informacionlocal.es\/it\/wp-json\/wp\/v2\/posts\/15940\/revisions"}],"wp:featuredmedia":[{"embeddable":true,"href":"https:\/\/informacionlocal.es\/it\/wp-json\/wp\/v2\/media\/15942"}],"wp:attachment":[{"href":"https:\/\/informacionlocal.es\/it\/wp-json\/wp\/v2\/media?parent=15940"}],"wp:term":[{"taxonomy":"category","embeddable":true,"href":"https:\/\/informacionlocal.es\/it\/wp-json\/wp\/v2\/categories?post=15940"},{"taxonomy":"post_tag","embeddable":true,"href":"https:\/\/informacionlocal.es\/it\/wp-json\/wp\/v2\/tags?post=15940"}],"curies":[{"name":"wp","href":"https:\/\/api.w.org\/{rel}","templated":true}]}}