{"id":15898,"date":"2026-01-05T10:58:38","date_gmt":"2026-01-05T10:58:38","guid":{"rendered":"https:\/\/informacionlocal.es\/lola-garcia-reitera-su-preocupacion-por-la-situacion-del-servicio-de-control-aereo-en-fuerteventura\/"},"modified":"2026-01-05T10:58:38","modified_gmt":"2026-01-05T10:58:38","slug":"lola-garcia-reitera-su-preocupacion-por-la-situacion-del-servicio-de-control-aereo-en-fuerteventura","status":"publish","type":"post","link":"https:\/\/informacionlocal.es\/it\/lola-garcia-reitera-su-preocupacion-por-la-situacion-del-servicio-de-control-aereo-en-fuerteventura\/","title":{"rendered":"Lola Garc\u00eda reitera su preocupaci\u00f3n por la situaci\u00f3n del servicio de control a\u00e9reo en Fuerteventura"},"content":{"rendered":"<div class=\"entry-content\"><strong>5 enero, 2026<\/strong><\/p>\n<p><em><strong>Tras la reducci\u00f3n del horario en el Aeropuerto de El Hierro por falta de controladores, el sindicato advierte de que la situaci\u00f3n podr\u00eda trasladarse a otros aeropuertos operados por la misma empresa privada, como Fuerteventura<\/strong><\/em><\/p>\n<p>La presidenta del Cabildo de Fuerteventura,<br \/>\nLola Garc\u00eda, vuelve a expresar su preocupaci\u00f3n ante las deficiencias del<br \/>\nservicio que se viene prestando en el control a\u00e9reo del Aeropuerto de<br \/>\nFuerteventura, \u201cespecialmente cuando se ha conocido la noticia de que el<br \/>\nAeropuerto del Hierro reduce su horario por falta de controladores\u201d. <\/p>\n<p>Una situaci\u00f3n que, seg\u00fan indican los datos del<br \/>\nsindicato USCA, podr\u00eda trasladarse a otros aeropuertos canarios operados por la<br \/>\nmisma empresa privada (Saerco), como es el caso de Fuerteventura, Lanzarote y<br \/>\nLa Palma. Por este motivo, \u201cvolvemos a reclamar soluciones urgentes que<br \/>\ngaranticen la continuidad y calidad del servicio\u201d, se\u00f1ala Garc\u00eda.<\/p>\n<p>Tanto el Cabildo de Fuerteventura como la Uni\u00f3n<br \/>\nSindical de Controladores A\u00e9reos (USCA) han solicitado al Ministerio de<br \/>\nTransporte y Movilidad, en reiteradas ocasiones, que interceda ante la<br \/>\nsituaci\u00f3n, recuperando la gesti\u00f3n p\u00fablica del servicio hasta que se pueda<br \/>\nprestarse con todas las garant\u00edas.<\/p>\n<p>Sin embargo, como respuesta \u201cAena nos<br \/>\naseguraba que el servicio est\u00e1 garantizado, aun cuando la propia empresa<br \/>\nprivada Saerco ha reconocido, en sede judicial, que no puede cumplir con el<br \/>\nservicio en las condiciones laborales adecuadas, una inviabilidad que pone en<br \/>\npeligro la prestaci\u00f3n del servicio de forma segura, eficaz y continuada\u201d.<\/p>\n<p>Seg\u00fan las cifras de USCA, desde julio de 2025,<br \/>\nel Aeropuerto de Fuerteventura ha pasado de 15 a 10 trabajadores en la torre de<br \/>\ncontrol. \u201cLas consecuencias est\u00e1n siendo m\u00e1s que visibles, como lo ocurrido en<br \/>\nEl Hierro, por lo que se necesitan soluciones urgentes a este y otros asuntos<br \/>\nprioritarios que afectan a la imagen, funcionamiento y seguridad de una<br \/>\ninfraestructura estrat\u00e9gica para Fuerteventura como es el Aeropuerto\u201d.<\/p>\n<\/div>\n","protected":false},"excerpt":{"rendered":"<p>5 enero, 2026 Tras la reducci\u00f3n del horario en el Aeropuerto de El Hierro por falta de controladores, el sindicato advierte de que la situaci\u00f3n podr\u00eda trasladarse a otros aeropuertos [&hellip;]<\/p>\n","protected":false},"author":1,"featured_media":15900,"comment_status":"open","ping_status":"open","sticky":false,"template":"","format":"standard","meta":{"inline_featured_image":false,"jnews-multi-image_gallery":[],"jnews_single_post":[],"jnews_primary_category":[],"jnews_social_meta":[],"jnews_override_counter":[],"jnews_post_split":[],"footnotes":""},"categories":[58],"tags":[82],"class_list":["post-15898","post","type-post","status-publish","format-standard","has-post-thumbnail","hentry","category-cabildo","tag-fuerteventura"],"jetpack_featured_media_url":"https:\/\/informacionlocal.es\/wp-content\/uploads\/2026\/01\/saerco.jpeg","_links":{"self":[{"href":"https:\/\/informacionlocal.es\/it\/wp-json\/wp\/v2\/posts\/15898","targetHints":{"allow":["GET"]}}],"collection":[{"href":"https:\/\/informacionlocal.es\/it\/wp-json\/wp\/v2\/posts"}],"about":[{"href":"https:\/\/informacionlocal.es\/it\/wp-json\/wp\/v2\/types\/post"}],"author":[{"embeddable":true,"href":"https:\/\/informacionlocal.es\/it\/wp-json\/wp\/v2\/users\/1"}],"replies":[{"embeddable":true,"href":"https:\/\/informacionlocal.es\/it\/wp-json\/wp\/v2\/comments?post=15898"}],"version-history":[{"count":0,"href":"https:\/\/informacionlocal.es\/it\/wp-json\/wp\/v2\/posts\/15898\/revisions"}],"wp:featuredmedia":[{"embeddable":true,"href":"https:\/\/informacionlocal.es\/it\/wp-json\/wp\/v2\/media\/15900"}],"wp:attachment":[{"href":"https:\/\/informacionlocal.es\/it\/wp-json\/wp\/v2\/media?parent=15898"}],"wp:term":[{"taxonomy":"category","embeddable":true,"href":"https:\/\/informacionlocal.es\/it\/wp-json\/wp\/v2\/categories?post=15898"},{"taxonomy":"post_tag","embeddable":true,"href":"https:\/\/informacionlocal.es\/it\/wp-json\/wp\/v2\/tags?post=15898"}],"curies":[{"name":"wp","href":"https:\/\/api.w.org\/{rel}","templated":true}]}}