{"id":15880,"date":"2026-01-02T17:01:27","date_gmt":"2026-01-02T17:01:27","guid":{"rendered":"https:\/\/informacionlocal.es\/sus-majestades-los-reyes-magos-de-oriente-recorreran-sobre-glamurosos-camellos-antigua-y-caleta-de-fuste\/"},"modified":"2026-01-02T17:01:27","modified_gmt":"2026-01-02T17:01:27","slug":"sus-majestades-los-reyes-magos-de-oriente-recorreran-sobre-glamurosos-camellos-antigua-y-caleta-de-fuste","status":"publish","type":"post","link":"https:\/\/informacionlocal.es\/it\/sus-majestades-los-reyes-magos-de-oriente-recorreran-sobre-glamurosos-camellos-antigua-y-caleta-de-fuste\/","title":{"rendered":"Sus Majestades los Reyes Magos de Oriente recorrer\u00e1n sobre glamurosos camellos Antigua y Caleta de Fuste"},"content":{"rendered":"<div class=\"elementor-widget-container\">\n<p><strong>Sus Majestades los Reyes Magos de Oriente recorrer\u00e1n sobre glamurosos camellos Antigua y Caleta de Fuste<\/strong><\/p>\n<p><strong>\u2022 Los Reyes Magos comenzar\u00e1n su majestuosa Cabalgata sobre esbeltos camellos y glamurosa comitiva desde el muelle mar\u00edtimo de El Castillo, bajando despu\u00e9s la monta\u00f1a desde el Durazno para recorrer las calles de Antigua. <\/strong><br \/><strong>\u2022 El alcalde, Mat\u00edas Pe\u00f1a Garc\u00eda, entregar\u00e1 como es tradici\u00f3n a Sus Majestades de Oriente en las plazas principales de ambas localidades, la Llave Maestra que abre cada casa del Municipio. <\/strong><br \/><strong>\u2022 La Cabalgata de los Reyes Magos en su visita al Municipio comenzar\u00e1 a las 16:00 horas en el muelle hasta la plaza del Castillo y a las 18:00 horas iniciar\u00e1n la bajada de la monta\u00f1a hacia la plaza de Antigua.<\/strong><\/p>\n<p>Sus Majestades los Reyes Magos de Oriente recorrer\u00e1n sobre glamurosos camellos las principales calles de Caleta de Fuste desde el Muelle y hasta la plaza del Castillo, para seguidamente bajar la monta\u00f1a desde el Durazno alcanzando la plaza de Antigua.<\/p>\n<p>Como no queremos que los m\u00e1s peque\u00f1os ni los m\u00e1s mayores pasen fr\u00edo ni se les haga muy tarde para acostarse temprano en una noche tan especial y familiar de nervios y emoci\u00f3n, se\u00f1ala el alcalde, Mat\u00edas Pe\u00f1a, los Reyes Magos han aceptado nuestra petici\u00f3n de comenzar temprano y as\u00ed tener m\u00e1s tiempo en su m\u00e1gico reparto de regalos por cada casa.<\/p>\n<p>El alcalde, cumpliendo la tradici\u00f3n entregar\u00e1 a Sus Majestades de Oriente, la Llave Maestra que abre todas las casas del Municipio, en una Ceremonia que tendr\u00e1 lugar en las plazas principales del Castillo y Antigua.<\/p>\n<p>El Ayuntamiento de Antigua organiza las Cabalgatas de los Reyes Magos desde la concejal\u00eda de Cultura, se\u00f1ala el responsable de \u00e1rea, Jonathan Pe\u00f1a, ofreciendo magia, espect\u00e1culos, sorpresas a todos los asistentes, y la ilusi\u00f3n y cercan\u00eda de Sus Majestades sobre glamurosos camellos que les llevar\u00e1n hasta las plazas principales del Castillo y Antigua donde quedar\u00e1n recibiendo las peticiones y sue\u00f1os de todos los asistentes, tanto peque\u00f1os como algunos mayores.<\/p>\n<\/div>\n","protected":false},"excerpt":{"rendered":"<p><strong>Sus Majestades los Reyes Magos de Oriente recorrer\u00e1n sobre glamurosos camellos Antigua y Caleta de Fuste<\/strong><\/p>\n","protected":false},"author":1,"featured_media":15882,"comment_status":"open","ping_status":"open","sticky":false,"template":"","format":"standard","meta":{"inline_featured_image":false,"jnews-multi-image_gallery":[],"jnews_single_post":[],"jnews_primary_category":[],"jnews_social_meta":[],"jnews_override_counter":[],"jnews_post_split":[],"footnotes":""},"categories":[59],"tags":[],"class_list":["post-15880","post","type-post","status-publish","format-standard","has-post-thumbnail","hentry","category-antigua"],"jetpack_featured_media_url":"https:\/\/informacionlocal.es\/wp-content\/uploads\/2026\/01\/cartelcabalgatareyes26-scaled-1.jpg","_links":{"self":[{"href":"https:\/\/informacionlocal.es\/it\/wp-json\/wp\/v2\/posts\/15880","targetHints":{"allow":["GET"]}}],"collection":[{"href":"https:\/\/informacionlocal.es\/it\/wp-json\/wp\/v2\/posts"}],"about":[{"href":"https:\/\/informacionlocal.es\/it\/wp-json\/wp\/v2\/types\/post"}],"author":[{"embeddable":true,"href":"https:\/\/informacionlocal.es\/it\/wp-json\/wp\/v2\/users\/1"}],"replies":[{"embeddable":true,"href":"https:\/\/informacionlocal.es\/it\/wp-json\/wp\/v2\/comments?post=15880"}],"version-history":[{"count":0,"href":"https:\/\/informacionlocal.es\/it\/wp-json\/wp\/v2\/posts\/15880\/revisions"}],"wp:featuredmedia":[{"embeddable":true,"href":"https:\/\/informacionlocal.es\/it\/wp-json\/wp\/v2\/media\/15882"}],"wp:attachment":[{"href":"https:\/\/informacionlocal.es\/it\/wp-json\/wp\/v2\/media?parent=15880"}],"wp:term":[{"taxonomy":"category","embeddable":true,"href":"https:\/\/informacionlocal.es\/it\/wp-json\/wp\/v2\/categories?post=15880"},{"taxonomy":"post_tag","embeddable":true,"href":"https:\/\/informacionlocal.es\/it\/wp-json\/wp\/v2\/tags?post=15880"}],"curies":[{"name":"wp","href":"https:\/\/api.w.org\/{rel}","templated":true}]}}