{"id":15874,"date":"2026-01-02T16:01:19","date_gmt":"2026-01-02T16:01:19","guid":{"rendered":"https:\/\/informacionlocal.es\/el-ayuntamiento-distribuye-1-500-almanaques-2026-donde-vecinos-y-vecinas-del-municipio-ponen-rostro-al-nuevo-ano\/"},"modified":"2026-01-02T16:01:19","modified_gmt":"2026-01-02T16:01:19","slug":"el-ayuntamiento-distribuye-1-500-almanaques-2026-donde-vecinos-y-vecinas-del-municipio-ponen-rostro-al-nuevo-ano","status":"publish","type":"post","link":"https:\/\/informacionlocal.es\/it\/el-ayuntamiento-distribuye-1-500-almanaques-2026-donde-vecinos-y-vecinas-del-municipio-ponen-rostro-al-nuevo-ano\/","title":{"rendered":"El Ayuntamiento distribuye 1.500 Almanaques 2026 donde vecinos y vecinas del Municipio ponen rostro al nuevo a\u00f1o"},"content":{"rendered":"<div class=\"elementor-widget-container\">\n<p><strong>El Ayuntamiento distribuye 1.500 Almanaques 2026 donde vecinos y vecinas del Municipio ponen rostro al nuevo a\u00f1o<\/strong><\/p>\n<p><strong>\u2022 Surgi\u00f3 como celebraci\u00f3n del fin de la pandemia y continuamos cada a\u00f1o su edici\u00f3n, siendo protagonistas los vecinos y vecinas del Municipio. <\/strong><br \/><strong>\u2022 El Calendario de Antigua mantiene un lema que habla de uni\u00f3n y arraigo, \u2018Mi gente, mi pueblo\u2019<\/strong><br \/><strong>\u2022 Los almanaques se reparten en el Ayuntamiento de Antigua, la Tenencia de Alcald\u00eda en Caleta de Fuste, centros culturales, Biblioteca Municipal y Centro de Mayores de Antigua.<\/strong><\/p>\n<p>El Ayuntamiento de Antigua reparte 1.500 calendarios y agradece la participaci\u00f3n de cada vecino, vecina, deportistas, vendedores, jubilados y familiares que han participado en este nuevo almanaque. Un almanaque que se inici\u00f3 como celebraci\u00f3n del fin de la pandemia, manteniendo su edici\u00f3n hasta la fecha.<\/p>\n<p>El Calendario de Antigua pone cara al nuevo a\u00f1o 2026, con el rostro de vecinos y vecinas como reflejo y reconocimiento a todos los que forman parte de este pueblo, recordando el compromiso de cada uno a su manera, con su trabajo, con su saludo cotidiano o con sus retos y \u00e9xitos, detalla el alcalde, Mat\u00edas Pe\u00f1a Garc\u00eda, por eso el lema que une todos los meses y sus protagonistas es Mi gente, mi pueblo.<\/p>\n<p>Abre este mes de enero, el campe\u00f3n de Canarias de Trail y vecino de La Orilla, Jos\u00e9 Antonio Hern\u00e1ndez Ojeda, en febrero los enamorados y conocidos vendedores de turr\u00f3n y dulces tradicionales, Jacinto Ruiz y Candelaria Rodr\u00edguez, en marzo el vecino y pescador de Salinas del Carmen, Cipriano Garc\u00eda Torres en cuya historia personal se encuentra el rescate de 15 n\u00e1ufragos. El mes de abril lo protagoniza el alpinista internacional de ochomiles, vecino de Valles de Ortega, discreto y humilde, Armando Marco Placeres, seguido en mayo por el periodista con mayor trayectoria profesional en esta isla y originario de La Corte, Sergio Lavandera junto a su t\u00edo, comerciante de siempre en Triquivijate, Juan Jos\u00e9 Jord\u00e1n.<\/p>\n<p>En Pozo Negro la entra\u00f1able pareja de Silvestre P\u00e9rez y Matilde Roger, reflejan la historia de una de las primeras familias creadas en este pueblo costero, llegando el verano, julio es protagonizada por una pareja en vida y profesi\u00f3n, t\u00e9cnicos de sonido e iluminaci\u00f3n muy conocidos por encontrarlos en cada evento, Mart\u00edn M. Valdivia y Janny Rey, el mes de agosto es para dos conocidos vecinos de Maninubre y Antigua, Juan Batista y Juan Gonz\u00e1lez, y alcanzamos septiembre con representantes de un nueva emprendedur\u00eda, Vanessa Sosa y Ana Rosa Alonso. La temporada comienza en octubre con el entrenador del CL Uni\u00f3n Antigua, Mario Fr\u00e1nquiz levantando al joven luchador Ra\u00fal Ruiz, seguido de noviembre con los residentes y vendedores del Mercadillo de Caleta de Fuste, Mamemor Gueye, I\u00f1igo Arana y Henrik Aarrenstrups, terminando con las flores y ramos de la conocida, Ana Mar\u00eda Mart\u00edn.<\/p>\n<\/div>\n","protected":false},"excerpt":{"rendered":"<p><strong>El Ayuntamiento distribuye 1.500 Almanaques 2026 donde vecinos y vecinas del Municipio ponen rostro al nuevo a\u00f1o<\/strong><\/p>\n","protected":false},"author":1,"featured_media":15876,"comment_status":"open","ping_status":"open","sticky":false,"template":"","format":"standard","meta":{"inline_featured_image":false,"jnews-multi-image_gallery":[],"jnews_single_post":[],"jnews_primary_category":[],"jnews_social_meta":[],"jnews_override_counter":[],"jnews_post_split":[],"footnotes":""},"categories":[59],"tags":[],"class_list":["post-15874","post","type-post","status-publish","format-standard","has-post-thumbnail","hentry","category-antigua"],"jetpack_featured_media_url":"https:\/\/informacionlocal.es\/wp-content\/uploads\/2026\/01\/8-agosto-scaled-1.jpg","_links":{"self":[{"href":"https:\/\/informacionlocal.es\/it\/wp-json\/wp\/v2\/posts\/15874","targetHints":{"allow":["GET"]}}],"collection":[{"href":"https:\/\/informacionlocal.es\/it\/wp-json\/wp\/v2\/posts"}],"about":[{"href":"https:\/\/informacionlocal.es\/it\/wp-json\/wp\/v2\/types\/post"}],"author":[{"embeddable":true,"href":"https:\/\/informacionlocal.es\/it\/wp-json\/wp\/v2\/users\/1"}],"replies":[{"embeddable":true,"href":"https:\/\/informacionlocal.es\/it\/wp-json\/wp\/v2\/comments?post=15874"}],"version-history":[{"count":0,"href":"https:\/\/informacionlocal.es\/it\/wp-json\/wp\/v2\/posts\/15874\/revisions"}],"wp:featuredmedia":[{"embeddable":true,"href":"https:\/\/informacionlocal.es\/it\/wp-json\/wp\/v2\/media\/15876"}],"wp:attachment":[{"href":"https:\/\/informacionlocal.es\/it\/wp-json\/wp\/v2\/media?parent=15874"}],"wp:term":[{"taxonomy":"category","embeddable":true,"href":"https:\/\/informacionlocal.es\/it\/wp-json\/wp\/v2\/categories?post=15874"},{"taxonomy":"post_tag","embeddable":true,"href":"https:\/\/informacionlocal.es\/it\/wp-json\/wp\/v2\/tags?post=15874"}],"curies":[{"name":"wp","href":"https:\/\/api.w.org\/{rel}","templated":true}]}}