{"id":15856,"date":"2026-01-02T13:01:03","date_gmt":"2026-01-02T13:01:03","guid":{"rendered":"https:\/\/informacionlocal.es\/el-cabildo-de-fuerteventura-impulsa-la-accesibilidad-con-la-concesion-de-19-800-euros-en-ayudas-para-el-taxi-adaptado-pmr\/"},"modified":"2026-01-02T13:01:03","modified_gmt":"2026-01-02T13:01:03","slug":"el-cabildo-de-fuerteventura-impulsa-la-accesibilidad-con-la-concesion-de-19-800-euros-en-ayudas-para-el-taxi-adaptado-pmr","status":"publish","type":"post","link":"https:\/\/informacionlocal.es\/it\/el-cabildo-de-fuerteventura-impulsa-la-accesibilidad-con-la-concesion-de-19-800-euros-en-ayudas-para-el-taxi-adaptado-pmr\/","title":{"rendered":"El Cabildo de Fuerteventura impulsa la accesibilidad con la concesi\u00f3n de 19.800 euros en ayudas para el taxi adaptado (PMR)"},"content":{"rendered":"<div class=\"entry-content\"><strong>2 enero, 2026<\/strong><\/p>\n<p><em><strong>Las \u00e1reas de Movilidad y Accesibilidad hacen efectivo el pago a nueve profesionales del sector que han concurrido al procedimiento abierto, reactivando unas subvenciones que desde el ejercicio 2018 no se materializaban<\/strong><\/em><\/p>\n<p><em><strong>Cada beneficiario recibe una ayuda individual de 2.200 euros, destinada a la adquisici\u00f3n y adaptaci\u00f3n de veh\u00edculos para personas con movilidad reducida<\/strong><\/em><\/p>\n<p>El Cabildo de Fuerteventura ha resuelto el<br \/>\nabono de subvenciones destinadas al sector del taxi para la mejora de la flota<br \/>\nde veh\u00edculos adaptados a Personas con Movilidad Reducida (PMR). La Instituci\u00f3n<br \/>\ninsular ha concedido un importe total de 19.800 euros, marcando un hito en la<br \/>\ngesti\u00f3n de estas ayudas que, por primera vez desde el a\u00f1o 2018, se materializan<br \/>\nbajo este nuevo impulso de las \u00e1reas de Movilidad y Accesibilidad.<\/p>\n<p>La presidenta del Cabildo, Lola Garc\u00eda, ha<br \/>\ncelebrado la resoluci\u00f3n de este procedimiento de libre concurrencia que<br \/>\nreconoce la obligaci\u00f3n y ordena el pago de estas subvenciones, cuyo objetivo es<br \/>\nfomentar un transporte p\u00fablico m\u00e1s inclusivo y accesible en la isla. Una medida<br \/>\ncon la que el Cabildo de Fuerteventura reafirma su compromiso con la<br \/>\nmodernizaci\u00f3n del sector del taxi y la eliminaci\u00f3n de barreras en el transporte<br \/>\ninsular.<\/p>\n<p>Si bien, ya en el pasado 2024 fueron<br \/>\nconvocadas estas ayudas, finalmente fueron anuladas debido a la falta de<br \/>\njustificaci\u00f3n en tiempo y forma por parte de los interesados, ampli\u00e1ndose el<br \/>\nplazo de ejecuci\u00f3n en la convocatoria de 2025 con la finalidad de que todos los<br \/>\npotenciales beneficiarios contar\u00e1n con m\u00e1s flexibilidad a la hora de realizar<br \/>\nsus proyectos.<\/p>\n<p>La partida presupuestaria aprobada se ha<br \/>\ndistribuido entre un total de nueve profesionales del taxi de Fuerteventura,<br \/>\ntras comprobarse la justificaci\u00f3n de la documentaci\u00f3n presentada. Estas ayudas<br \/>\nest\u00e1n destinadas espec\u00edficamente a la categor\u00eda de \u00abAdquisici\u00f3n\u00bb de<br \/>\nveh\u00edculos adaptados.<\/p>\n<p>La resoluci\u00f3n actual confirma el cumplimiento<br \/>\nde los requisitos por parte de los taxistas, permitiendo as\u00ed elevar los<br \/>\nest\u00e1ndares de calidad del servicio p\u00fablico de transporte en Fuerteventura y<br \/>\ngarantizando el derecho a la movilidad de todos los ciudadanos.<\/p>\n<\/div>\n","protected":false},"excerpt":{"rendered":"<p>2 enero, 2026 Las \u00e1reas de Movilidad y Accesibilidad hacen efectivo el pago a nueve profesionales del sector que han concurrido al procedimiento abierto, reactivando unas subvenciones que desde el [&hellip;]<\/p>\n","protected":false},"author":1,"featured_media":15858,"comment_status":"open","ping_status":"open","sticky":false,"template":"","format":"standard","meta":{"inline_featured_image":false,"jnews-multi-image_gallery":[],"jnews_single_post":[],"jnews_primary_category":[],"jnews_social_meta":[],"jnews_override_counter":[],"jnews_post_split":[],"footnotes":""},"categories":[58],"tags":[82],"class_list":["post-15856","post","type-post","status-publish","format-standard","has-post-thumbnail","hentry","category-cabildo","tag-fuerteventura"],"jetpack_featured_media_url":"https:\/\/informacionlocal.es\/wp-content\/uploads\/2026\/01\/movilidad.jpeg","_links":{"self":[{"href":"https:\/\/informacionlocal.es\/it\/wp-json\/wp\/v2\/posts\/15856","targetHints":{"allow":["GET"]}}],"collection":[{"href":"https:\/\/informacionlocal.es\/it\/wp-json\/wp\/v2\/posts"}],"about":[{"href":"https:\/\/informacionlocal.es\/it\/wp-json\/wp\/v2\/types\/post"}],"author":[{"embeddable":true,"href":"https:\/\/informacionlocal.es\/it\/wp-json\/wp\/v2\/users\/1"}],"replies":[{"embeddable":true,"href":"https:\/\/informacionlocal.es\/it\/wp-json\/wp\/v2\/comments?post=15856"}],"version-history":[{"count":0,"href":"https:\/\/informacionlocal.es\/it\/wp-json\/wp\/v2\/posts\/15856\/revisions"}],"wp:featuredmedia":[{"embeddable":true,"href":"https:\/\/informacionlocal.es\/it\/wp-json\/wp\/v2\/media\/15858"}],"wp:attachment":[{"href":"https:\/\/informacionlocal.es\/it\/wp-json\/wp\/v2\/media?parent=15856"}],"wp:term":[{"taxonomy":"category","embeddable":true,"href":"https:\/\/informacionlocal.es\/it\/wp-json\/wp\/v2\/categories?post=15856"},{"taxonomy":"post_tag","embeddable":true,"href":"https:\/\/informacionlocal.es\/it\/wp-json\/wp\/v2\/tags?post=15856"}],"curies":[{"name":"wp","href":"https:\/\/api.w.org\/{rel}","templated":true}]}}