{"id":15844,"date":"2025-12-30T18:59:05","date_gmt":"2025-12-30T18:59:05","guid":{"rendered":"https:\/\/informacionlocal.es\/maxo-arte-joven-celebra-su-gala-para-premiar-el-talento-de-la-isla\/"},"modified":"2025-12-30T18:59:05","modified_gmt":"2025-12-30T18:59:05","slug":"maxo-arte-joven-celebra-su-gala-para-premiar-el-talento-de-la-isla","status":"publish","type":"post","link":"https:\/\/informacionlocal.es\/it\/maxo-arte-joven-celebra-su-gala-para-premiar-el-talento-de-la-isla\/","title":{"rendered":"Maxo Arte Joven celebra su gala para premiar el talento de la isla"},"content":{"rendered":"<div class=\"entry-content\"><strong>30 diciembre, 2025<\/strong><\/p>\n<p><strong><em>Un total de 57 j\u00f3venes creadores son premiados en una iniciativa<br \/>\nque refuerza el talento, la creatividad y el emprendimiento juvenil en<br \/>\nFuerteventura<\/em><\/strong><\/p>\n<p>La gala del certamen Maxo Arte Joven tendr\u00e1 lugar este viernes, 2<br \/>\nde diciembre, a las 19.00 horas, en un acto que marcar\u00e1 tambi\u00e9n la inauguraci\u00f3n<br \/>\ndel Maxo Arte Market y de la exposici\u00f3n con las obras ganadoras de 2024, que<br \/>\nposteriormente itinerar\u00e1 por toda la isla.<\/p>\n<p>El evento pone el broche a una edici\u00f3n en la que se han reconocido 57 j\u00f3venes creadores, con una dotaci\u00f3n total de 17.925 euros en premios correspondientes al Certamen Maxo Arte Joven 2025. Las personas premiadas pueden consultarse en la web oficial del Cabildo de Fuerteventura: https:\/\/www.cabildofuer.es\/cabildo\/areas-tematicas\/juventud\/ <\/p>\n<p>Asimismo, el Maxo Arte Market Navidad regresar\u00e1 al Centro Insular<br \/>\nde Juventud del 2 al 5 de enero de 2026, celebrando su tercera edici\u00f3n como un<br \/>\nespacio destinado a promover y dar visibilidad al talento joven de la isla.<br \/>\nEsta iniciativa, impulsada por la Consejer\u00eda de Educaci\u00f3n y Juventud, permite a<br \/>\nj\u00f3venes creadores ofrecer y mostrar sus obras en disciplinas tan diversas como<br \/>\npintura, dibujo, textil, papeler\u00eda, narrativa o fotograf\u00eda.<\/p>\n<p>El consejero de Juventud, Adargoma Hern\u00e1ndez, destaca que \u201capostar<br \/>\npor programas como Maxo Arte Joven significa invertir en el presente y el<br \/>\nfuturo de Fuerteventura, creando espacios donde la juventud puede<br \/>\ndesarrollarse, ser escuchada y contribuir activamente a la identidad cultural<br \/>\nde la Isla\u201d.<\/p>\n<\/div>\n","protected":false},"excerpt":{"rendered":"<p>30 diciembre, 2025 Un total de 57 j\u00f3venes creadores son premiados en una iniciativa que refuerza el talento, la creatividad y el emprendimiento juvenil en Fuerteventura La gala del certamen [&hellip;]<\/p>\n","protected":false},"author":1,"featured_media":15846,"comment_status":"open","ping_status":"open","sticky":false,"template":"","format":"standard","meta":{"inline_featured_image":false,"jnews-multi-image_gallery":[],"jnews_single_post":[],"jnews_primary_category":[],"jnews_social_meta":[],"jnews_override_counter":[],"jnews_post_split":[],"footnotes":""},"categories":[58],"tags":[73,82],"class_list":["post-15844","post","type-post","status-publish","format-standard","has-post-thumbnail","hentry","category-cabildo","tag-educacion","tag-fuerteventura"],"jetpack_featured_media_url":"https:\/\/informacionlocal.es\/wp-content\/uploads\/2025\/12\/maxo-arte.jpeg","_links":{"self":[{"href":"https:\/\/informacionlocal.es\/it\/wp-json\/wp\/v2\/posts\/15844","targetHints":{"allow":["GET"]}}],"collection":[{"href":"https:\/\/informacionlocal.es\/it\/wp-json\/wp\/v2\/posts"}],"about":[{"href":"https:\/\/informacionlocal.es\/it\/wp-json\/wp\/v2\/types\/post"}],"author":[{"embeddable":true,"href":"https:\/\/informacionlocal.es\/it\/wp-json\/wp\/v2\/users\/1"}],"replies":[{"embeddable":true,"href":"https:\/\/informacionlocal.es\/it\/wp-json\/wp\/v2\/comments?post=15844"}],"version-history":[{"count":0,"href":"https:\/\/informacionlocal.es\/it\/wp-json\/wp\/v2\/posts\/15844\/revisions"}],"wp:featuredmedia":[{"embeddable":true,"href":"https:\/\/informacionlocal.es\/it\/wp-json\/wp\/v2\/media\/15846"}],"wp:attachment":[{"href":"https:\/\/informacionlocal.es\/it\/wp-json\/wp\/v2\/media?parent=15844"}],"wp:term":[{"taxonomy":"category","embeddable":true,"href":"https:\/\/informacionlocal.es\/it\/wp-json\/wp\/v2\/categories?post=15844"},{"taxonomy":"post_tag","embeddable":true,"href":"https:\/\/informacionlocal.es\/it\/wp-json\/wp\/v2\/tags?post=15844"}],"curies":[{"name":"wp","href":"https:\/\/api.w.org\/{rel}","templated":true}]}}