{"id":15736,"date":"2025-12-23T21:59:59","date_gmt":"2025-12-23T21:59:59","guid":{"rendered":"https:\/\/informacionlocal.es\/tui-nordic-recupera-sus-vuelos-directos-sin-escalas-con-fuerteventura-desde-estocolmo\/"},"modified":"2025-12-23T21:59:59","modified_gmt":"2025-12-23T21:59:59","slug":"tui-nordic-recupera-sus-vuelos-directos-sin-escalas-con-fuerteventura-desde-estocolmo","status":"publish","type":"post","link":"https:\/\/informacionlocal.es\/it\/tui-nordic-recupera-sus-vuelos-directos-sin-escalas-con-fuerteventura-desde-estocolmo\/","title":{"rendered":"TUI Nordic recupera sus vuelos directos, sin escalas, con Fuerteventura desde Estocolmo"},"content":{"rendered":"<div class=\"entry-content\"><strong>23 diciembre, 2025<\/strong><\/p>\n<p><em><strong>En la actualidad ofrece el trayecto con escalas, pero ante la demanda del mercado escandinavo ya ha programado sus vuelos directos para la pr\u00f3xima temporada de invierno 2026\/27<\/strong><\/em><\/p>\n<p><em><strong>Marlene Figueroa: \u201cEste logro es trascendental en nuestro objetivo de recuperar cuota de mercado en el turismo n\u00f3rdico, que se distingue por tener valores medioambientales, criterios de sostenibilidad y mayor capacidad de gasto\u201d<\/strong><\/em><\/p>\n<p>La compa\u00f1\u00eda TUI Nordic ha comunicado al<br \/>\nPatronato de Turismo que a partir<br \/>\ndel invierno de 2026\/27 recuperar\u00e1 los vuelos directos con<br \/>\nFuerteventura, sin escalas, desde Estocolmo (Suecia). Ser\u00e1 entre el 30 de<br \/>\noctubre de 2026 y el 9 de abril de 2027. Este anuncio corrobora el buen trabajo<br \/>\nque lleva realizando el Patronato en todo el \u00e1mbito de los pa\u00edses n\u00f3rdicos para<br \/>\nposicionar el destino Fuerteventura entre sus preferencias.<\/p>\n<p>La consejera de<br \/>\nTurismo del Cabildo de Fuerteventura, Marlene Figueroa, explica que un gigante como TUI Nordic vuelva a programar una<br \/>\nconexi\u00f3n directa con la isla \u201ces un logro trascendental en nuestro objetivo de<br \/>\nrecuperar cuota de mercado en el turismo n\u00f3rdico, que se distingue por tener<br \/>\nvalores medioambientales, criterios de sostenibilidad y mayor capacidad de<br \/>\ngasto\u201d.<\/p>\n<p>Por su parte, el<br \/>\ndirector Comercial de TUI Nordic, Tommy Serban, ha expresado que \u201cestamos muy<br \/>\nsatisfechos de poder ofrecer una ruta directa a Fuerteventura el pr\u00f3ximo<br \/>\ninvierno. El inter\u00e9s por las vacaciones activas y las experiencias en la<br \/>\nnaturaleza est\u00e1 creciendo, y la isla es perfecta para los viajeros que quieren<br \/>\ncombinar la vida de playa con actividades\u201d.<\/p>\n<p>En 2024,<br \/>\nvisitaron Espa\u00f1a 1,83 millones de turistas suecos, lo que represent\u00f3 el 2,0 por<br \/>\nciento del total de turistas recibidos, realizando un gasto estimado de 2,7<br \/>\nmillardos de euros (2,2 por ciento del total).<\/p>\n<p>C\/ Primero<br \/>\nde Mayo, 39. 35600 Puerto<br \/>\ndel Rosario | 928 862300<br \/>\n| gabinete.prensa@cabildofuer.es<\/p>\n<p><strong>www.cabildofuerteventura.org<\/strong><strong><br \/><\/strong><\/p>\n<figure class=\"wp-block-image\"><img src alt><\/figure>\n<figure class=\"wp-block-image\"><img src alt><\/figure>\n<h1>Gabinete de<br \/>\nPrensa<\/h1>\n<p>El gasto medio<br \/>\npor persona en su viaje a Espa\u00f1a fue de 1.511 euros, mientras que el gasto<br \/>\nmedio por d\u00eda fue de 153 euros, con una estancia media de 9,8 noches, seg\u00fan<br \/>\ndatos de Turespa\u00f1a.<\/p>\n<p>En su<br \/>\ncomunicaci\u00f3n oficial, TUI Nordic se\u00f1ala que recupera los \u201cvuelos directos a Fuerteventura para el invierno de 2026\u201d<br \/>\ny apostilla que \u201cel pr\u00f3ximo a\u00f1o, las playas m\u00e1s largas de Canarias estar\u00e1n m\u00e1s<br \/>\ncerca para los viajeros suecos\u201d.<\/p>\n<p>De esta forma,<br \/>\nla compa\u00f1\u00eda de viajes TUI contin\u00faa<br \/>\nampliando su oferta y lanzar\u00e1 una<br \/>\nnueva ruta directa a Fuerteventura con TUIfly Nordic desde el aeropuerto de<br \/>\nEstocolmo Arlanda en el invierno de 2026. Esta nueva iniciativa supone tiempos<br \/>\nde viaje m\u00e1s cortos y m\u00e1s opciones para los viajeros suecos<br \/>\nque deseen descubrir \u201cuno de los destinos<br \/>\nm\u00e1s esc\u00e9nicos y mejor conservados\u201d de Canarias.<\/p>\n<p>En su nota, TUI Nordic resalta de Fuerteventura sus valores<br \/>\nmedioambientales y su respeto a la conservaci\u00f3n del entorno natural con<br \/>\ncriterios de sostenibilidad. \u201cA pesar de ser la segunda isla m\u00e1s grande del<br \/>\narchipi\u00e9lago canario, el turismo se percibe como menos masivo<br \/>\nque en otras islas\u201d. \u201cEsto<br \/>\nla convierte en una<br \/>\nopci\u00f3n atractiva para quienes buscan naturaleza, tranquilidad y entornos<br \/>\naut\u00e9nticos\u201d, contin\u00faa la comunicaci\u00f3n de TUI.<\/p>\n<\/div>\n","protected":false},"excerpt":{"rendered":"<p>23 diciembre, 2025 En la actualidad ofrece el trayecto con escalas, pero ante la demanda del mercado escandinavo ya ha programado sus vuelos directos para la pr\u00f3xima temporada de invierno [&hellip;]<\/p>\n","protected":false},"author":1,"featured_media":15738,"comment_status":"open","ping_status":"open","sticky":false,"template":"","format":"standard","meta":{"inline_featured_image":false,"jnews-multi-image_gallery":[],"jnews_single_post":[],"jnews_primary_category":[],"jnews_social_meta":[],"jnews_override_counter":[],"jnews_post_split":[],"footnotes":""},"categories":[58],"tags":[82],"class_list":["post-15736","post","type-post","status-publish","format-standard","has-post-thumbnail","hentry","category-cabildo","tag-fuerteventura"],"jetpack_featured_media_url":"https:\/\/informacionlocal.es\/wp-content\/uploads\/2025\/12\/tui-nordic.jpeg","_links":{"self":[{"href":"https:\/\/informacionlocal.es\/it\/wp-json\/wp\/v2\/posts\/15736","targetHints":{"allow":["GET"]}}],"collection":[{"href":"https:\/\/informacionlocal.es\/it\/wp-json\/wp\/v2\/posts"}],"about":[{"href":"https:\/\/informacionlocal.es\/it\/wp-json\/wp\/v2\/types\/post"}],"author":[{"embeddable":true,"href":"https:\/\/informacionlocal.es\/it\/wp-json\/wp\/v2\/users\/1"}],"replies":[{"embeddable":true,"href":"https:\/\/informacionlocal.es\/it\/wp-json\/wp\/v2\/comments?post=15736"}],"version-history":[{"count":0,"href":"https:\/\/informacionlocal.es\/it\/wp-json\/wp\/v2\/posts\/15736\/revisions"}],"wp:featuredmedia":[{"embeddable":true,"href":"https:\/\/informacionlocal.es\/it\/wp-json\/wp\/v2\/media\/15738"}],"wp:attachment":[{"href":"https:\/\/informacionlocal.es\/it\/wp-json\/wp\/v2\/media?parent=15736"}],"wp:term":[{"taxonomy":"category","embeddable":true,"href":"https:\/\/informacionlocal.es\/it\/wp-json\/wp\/v2\/categories?post=15736"},{"taxonomy":"post_tag","embeddable":true,"href":"https:\/\/informacionlocal.es\/it\/wp-json\/wp\/v2\/tags?post=15736"}],"curies":[{"name":"wp","href":"https:\/\/api.w.org\/{rel}","templated":true}]}}