{"id":15730,"date":"2025-12-23T21:03:54","date_gmt":"2025-12-23T21:03:54","guid":{"rendered":"https:\/\/informacionlocal.es\/puerto-del-rosario-refuerza-la-proteccion-del-patrimonio-historico-con-rigor-legal-transparencia-y-participacion-ciudadana\/"},"modified":"2025-12-23T21:03:54","modified_gmt":"2025-12-23T21:03:54","slug":"puerto-del-rosario-refuerza-la-proteccion-del-patrimonio-historico-con-rigor-legal-transparencia-y-participacion-ciudadana","status":"publish","type":"post","link":"https:\/\/informacionlocal.es\/it\/puerto-del-rosario-refuerza-la-proteccion-del-patrimonio-historico-con-rigor-legal-transparencia-y-participacion-ciudadana\/","title":{"rendered":"Puerto del Rosario refuerza la protecci\u00f3n del patrimonio hist\u00f3rico con rigor legal, transparencia y participaci\u00f3n ciudadana"},"content":{"rendered":"<div class=\"entry-content\">\n<p>El ayuntamiento de Puerto del Rosario informa de que el \u00f3rgano ambiental del Cabildo de Fuerteventura ha publicado en el <em>Bolet\u00edn Oficial de la Provincia de Las Palmas<\/em> (BOP n\u00ba 149, de fecha 12 de diciembre de 2025) la <strong>exposici\u00f3n p\u00fablica de la modificaci\u00f3n menor del Plan General<\/strong>, en cumplimiento de sentencia judicial, un tr\u00e1mite que se enmarca en el proceso de protecci\u00f3n y ordenaci\u00f3n del patrimonio hist\u00f3rico del municipio.<\/p>\n<p>El alcalde de Puerto del Rosario, <strong>David de Vera<\/strong>, ha se\u00f1alado que \u201c<em>no suelo replicar a debates generados en redes sociales, pero ante la confusi\u00f3n creada considero necesario aclarar posturas. Algunos ponen en duda la protecci\u00f3n del patrimonio, pero los hechos dicen exactamente lo contrario<\/em>\u201d.<\/p>\n<p>En este sentido, el alcalde record\u00f3 que este grupo de gobierno est\u00e1 trabajando para aprobar <strong>por primera vez en la historia del municipio un Cat\u00e1logo Municipal de Patrimonio<\/strong>, que recoge <strong>m\u00e1s de 800 bienes protegidos<\/strong>, dotando a Puerto del Rosario de una herramienta t\u00e9cnica y jur\u00eddica s\u00f3lida para la defensa de su identidad hist\u00f3rica y cultural.<\/p>\n<p>Actualmente y tras la finalizaci\u00f3n de la exposici\u00f3n p\u00fablica el equipo redactor se encuentra trabajando en el <strong>Informe de Contestaci\u00f3n<\/strong> de todas las alegaciones e Informes sectoriales para dar propuesta de contestaci\u00f3n y de inclusi\u00f3n de los nuevos bienes.<\/p>\n<p>La concejala de Urbanismo y Planeamiento, <strong>Ana Hern\u00e1ndez<\/strong>, explic\u00f3 que \u201c<em>la modificaci\u00f3n menor del Plan General responde estrictamente al cumplimiento de una sentencia y se est\u00e1 tramitando con el m\u00e1ximo rigor t\u00e9cnico y jur\u00eddico. Desde Urbanismo se ha trabajado para garantizar la seguridad jur\u00eddica, la protecci\u00f3n del inter\u00e9s general y la coherencia con el Cat\u00e1logo Municipal de Patrimonio<\/em>\u201d.<\/p>\n<p>Ana Hern\u00e1ndez a\u00f1adi\u00f3 que \u201c<em>este procedimiento incorpora la exposici\u00f3n p\u00fablica y el correspondiente periodo de alegaciones, as\u00ed como la emisi\u00f3n de los informes t\u00e9cnicos y jur\u00eddicos municipales, junto con sus preceptivos informes sectoriales. Actualmente, el procedimiento se encuentra en la fase de aprobaci\u00f3n del informe de evaluaci\u00f3n ambiental estrat\u00e9gica, lo que demuestra que se est\u00e1 actuando con transparencia y conforme a la legalidad vigente\u201d.<\/em><\/p>\n<p>Por su parte, el concejal de Patrimonio Hist\u00f3rico, <strong>David de Le\u00f3n<\/strong>, explic\u00f3 que \u201c<em>La Cornisa se ha determinado como un conjunto hist\u00f3rico relevante dentro de este proceso. Sus inmuebles est\u00e1n siendo analizados mediante los correspondientes informes sectoriales para su incorporaci\u00f3n y protecci\u00f3n efectiva en el cat\u00e1logo definitivo<\/em>\u201d.<\/p>\n<p>David de Le\u00f3n subray\u00f3 adem\u00e1s que \u201c<em>este procedimiento se est\u00e1 desarrollando con absoluta transparencia, con exposici\u00f3n p\u00fablica, participaci\u00f3n vecinal y todas las garant\u00edas legales. Actualmente, el tr\u00e1mite se encuentra en fase de exposici\u00f3n p\u00fablica por parte del \u00f3rgano ambiental del Cabildo, tal y como recoge el BOP<\/em>\u201d.<\/p>\n<p>Desde el ayuntamiento se recuerda tambi\u00e9n que este grupo de gobierno ha adoptado <strong>medidas cautelares responsables<\/strong>, como la <strong>suspensi\u00f3n de licencias urban\u00edsticas, incluidas demoliciones<\/strong>, con el objetivo de <strong>evitar da\u00f1os irreversibles al patrimonio hist\u00f3rico<\/strong> mientras se culminan los procedimientos t\u00e9cnicos y administrativos.<\/p>\n<p><em>\u201cEl compromiso de este ayuntamiento con el patrimonio no se basa en declaraciones ni en ruido en redes sociales, sino en decisiones responsables, en cumplir las sentencias, en rechazar propuestas urban\u00edsticas incompatibles y en actuar con el m\u00e1ximo rigor legal\u201d,<\/em> a\u00f1adi\u00f3 el alcalde David de Vera.<\/p>\n<p>Ambos responsables municipales coincidieron en destacar que <strong>proteger el patrimonio es proteger la historia, la identidad y el futuro de Puerto del Rosario<\/strong>, y reafirmaron el compromiso del grupo de gobierno de seguir avanzando con seriedad, di\u00e1logo y responsabilidad institucional.<\/p>\n<p>\u201c<em>Eso es exactamente lo que estamos haciendo desde este ayuntamiento por Puerto del Rosario<\/em>\u201d, concluy\u00f3 el alcalde.<\/p>\n<\/div>\n","protected":false},"excerpt":{"rendered":"<p>El ayuntamiento de Puerto del Rosario informa de que el \u00f3rgano ambiental del Cabildo de Fuerteventura ha publicado en el Bolet\u00edn Oficial de la Provincia de Las Palmas (BOP n\u00ba [&hellip;]<\/p>\n","protected":false},"author":1,"featured_media":15732,"comment_status":"open","ping_status":"open","sticky":false,"template":"","format":"standard","meta":{"inline_featured_image":false,"jnews-multi-image_gallery":[],"jnews_single_post":[],"jnews_primary_category":[],"jnews_social_meta":[],"jnews_override_counter":[],"jnews_post_split":[],"footnotes":""},"categories":[61],"tags":[82],"class_list":["post-15730","post","type-post","status-publish","format-standard","has-post-thumbnail","hentry","category-puerto-del-rosario","tag-fuerteventura"],"jetpack_featured_media_url":"https:\/\/informacionlocal.es\/wp-content\/uploads\/2025\/12\/catalogo-t-2-alcalde-y-de-leon-scaled-1.jpg","_links":{"self":[{"href":"https:\/\/informacionlocal.es\/it\/wp-json\/wp\/v2\/posts\/15730","targetHints":{"allow":["GET"]}}],"collection":[{"href":"https:\/\/informacionlocal.es\/it\/wp-json\/wp\/v2\/posts"}],"about":[{"href":"https:\/\/informacionlocal.es\/it\/wp-json\/wp\/v2\/types\/post"}],"author":[{"embeddable":true,"href":"https:\/\/informacionlocal.es\/it\/wp-json\/wp\/v2\/users\/1"}],"replies":[{"embeddable":true,"href":"https:\/\/informacionlocal.es\/it\/wp-json\/wp\/v2\/comments?post=15730"}],"version-history":[{"count":0,"href":"https:\/\/informacionlocal.es\/it\/wp-json\/wp\/v2\/posts\/15730\/revisions"}],"wp:featuredmedia":[{"embeddable":true,"href":"https:\/\/informacionlocal.es\/it\/wp-json\/wp\/v2\/media\/15732"}],"wp:attachment":[{"href":"https:\/\/informacionlocal.es\/it\/wp-json\/wp\/v2\/media?parent=15730"}],"wp:term":[{"taxonomy":"category","embeddable":true,"href":"https:\/\/informacionlocal.es\/it\/wp-json\/wp\/v2\/categories?post=15730"},{"taxonomy":"post_tag","embeddable":true,"href":"https:\/\/informacionlocal.es\/it\/wp-json\/wp\/v2\/tags?post=15730"}],"curies":[{"name":"wp","href":"https:\/\/api.w.org\/{rel}","templated":true}]}}