{"id":15388,"date":"2025-12-15T15:58:41","date_gmt":"2025-12-15T15:58:41","guid":{"rendered":"https:\/\/informacionlocal.es\/pajara-sera-sede-de-las-neurolimpiadas-de-canarias-2026\/"},"modified":"2025-12-15T15:58:41","modified_gmt":"2025-12-15T15:58:41","slug":"pajara-sera-sede-de-las-neurolimpiadas-de-canarias-2026","status":"publish","type":"post","link":"https:\/\/informacionlocal.es\/it\/pajara-sera-sede-de-las-neurolimpiadas-de-canarias-2026\/","title":{"rendered":"P\u00e1jara ser\u00e1 sede de las Neurolimpiadas de Canarias 2026"},"content":{"rendered":"<div class=\"entry-content\">\n<p><b><i>El Ayuntamiento felicita a los equipos Amigos de P\u00e1jara y Faro de Jand\u00eda por su participaci\u00f3n\u00a0<\/i><\/b><\/p>\n<p><span>El Ayuntamiento de P\u00e1jara felicita al equipo de mayores Amigos de P\u00e1jara, que se proclam\u00f3 subcampe\u00f3n de las Neurolimpiadas de Canarias 2025, celebradas este pasado fin de semana en Maspalomas, destacando adem\u00e1s su primer puesto en la prueba de Aro dentro de la competici\u00f3n. El municipio estuvo igualmente representado por el equipo Faro de Jand\u00eda, que particip\u00f3 en esta edici\u00f3n.\u00a0<\/span><\/p>\n<p><span>En el evento estuvieron presentes el consejero de Accesibilidad, Victor Alonso; el alcalde de P\u00e1jara, Alejandro Jorge; el concejal de la Tercera Edad, Jos\u00e9 Benito Alonso; y la concejala de Servicios Sociales, Kathaisa Rodr\u00edguez. Asimismo, varios usuarios de los centros de mayores del municipio se desplazaron para acompa\u00f1ar y respaldar a los equipos participantes.\u00a0<\/span><\/p>\n<p><span>El alcalde de P\u00e1jara, Alejandro Jorge, destaca la participaci\u00f3n de los equipos Amigos de P\u00e1jara y Faro de Jand\u00eda en las Neurolimpiadas regionales, se\u00f1alando que \u201cpone en relieve el trabajo que se desarrolla desde el municipio para fomentar la participaci\u00f3n activa de las personas mayores y su integraci\u00f3n en iniciativas de este tipo\u201d.\u00a0<\/span><\/p>\n<p><span>Por su parte, el concejal de la Tercera Edad, Jos\u00e9 Benito Alonso, subraya que \u201cel hecho de que nuestro municipio se convierta en el anfitri\u00f3n de las Neurolimpiadas de Canarias 2026 supone un gran orgullo y una oportunidad para seguir avanzando en pol\u00edticas orientadas a la autonom\u00eda, la estimulaci\u00f3n cognitiva y la calidad de vida de nuestras personas mayores\u201d.\u00a0<\/span><\/p>\n<p><span>Desde el Consistorio se felicita igualmente a todas las personas que han hecho posible que los equipos del municipio hayan alcanzado la final de las Neurolimpiadas regionales 2025. <\/span><\/p>\n<\/div>\n","protected":false},"excerpt":{"rendered":"<p><i>El Ayuntamiento felicita a los equipos Amigos de P\u00e1jara y Faro de Jand\u00eda por su participaci\u00f3n\u00a0<\/i><\/p>\n","protected":false},"author":1,"featured_media":15390,"comment_status":"open","ping_status":"open","sticky":false,"template":"","format":"standard","meta":{"inline_featured_image":false,"jnews-multi-image_gallery":[],"jnews_single_post":[],"jnews_primary_category":[],"jnews_social_meta":[],"jnews_override_counter":[],"jnews_post_split":[],"footnotes":""},"categories":[63],"tags":[72],"class_list":["post-15388","post","type-post","status-publish","format-standard","has-post-thumbnail","hentry","category-pajara","tag-integracion"],"jetpack_featured_media_url":"https:\/\/informacionlocal.es\/wp-content\/uploads\/2025\/12\/pajara.jpeg","_links":{"self":[{"href":"https:\/\/informacionlocal.es\/it\/wp-json\/wp\/v2\/posts\/15388","targetHints":{"allow":["GET"]}}],"collection":[{"href":"https:\/\/informacionlocal.es\/it\/wp-json\/wp\/v2\/posts"}],"about":[{"href":"https:\/\/informacionlocal.es\/it\/wp-json\/wp\/v2\/types\/post"}],"author":[{"embeddable":true,"href":"https:\/\/informacionlocal.es\/it\/wp-json\/wp\/v2\/users\/1"}],"replies":[{"embeddable":true,"href":"https:\/\/informacionlocal.es\/it\/wp-json\/wp\/v2\/comments?post=15388"}],"version-history":[{"count":0,"href":"https:\/\/informacionlocal.es\/it\/wp-json\/wp\/v2\/posts\/15388\/revisions"}],"wp:featuredmedia":[{"embeddable":true,"href":"https:\/\/informacionlocal.es\/it\/wp-json\/wp\/v2\/media\/15390"}],"wp:attachment":[{"href":"https:\/\/informacionlocal.es\/it\/wp-json\/wp\/v2\/media?parent=15388"}],"wp:term":[{"taxonomy":"category","embeddable":true,"href":"https:\/\/informacionlocal.es\/it\/wp-json\/wp\/v2\/categories?post=15388"},{"taxonomy":"post_tag","embeddable":true,"href":"https:\/\/informacionlocal.es\/it\/wp-json\/wp\/v2\/tags?post=15388"}],"curies":[{"name":"wp","href":"https:\/\/api.w.org\/{rel}","templated":true}]}}