{"id":15376,"date":"2025-12-15T13:02:45","date_gmt":"2025-12-15T13:02:45","guid":{"rendered":"https:\/\/informacionlocal.es\/amigos-de-pajara-subcampeones-de-las-neurolimpiadas-2025\/"},"modified":"2025-12-15T13:02:45","modified_gmt":"2025-12-15T13:02:45","slug":"amigos-de-pajara-subcampeones-de-las-neurolimpiadas-2025","status":"publish","type":"post","link":"https:\/\/informacionlocal.es\/it\/amigos-de-pajara-subcampeones-de-las-neurolimpiadas-2025\/","title":{"rendered":"\u2018Amigos de P\u00e1jara\u2019 subcampeones de las Neurolimpiadas 2025"},"content":{"rendered":"<div class=\"entry-content\"><strong>14 diciembre, 2025<\/strong><\/p>\n<p><em><strong>El municipio de P\u00e1jara acoger\u00e1 la competici\u00f3n a nivel auton\u00f3mico en la edici\u00f3n de 2026<\/strong><\/em><\/p>\n<p>Los equipos majoreros clasificados en las Neuromajo 2025 han participado este fin de semana en la final regional de las Neurolimpiadas, en la que compiten los 16 clasificados en los seis torneos insulares. \u00a0<\/p>\n<p>Los equipos Camellito (Tuineje), Las Elegidas (Antigua) Las Apa\u00f1\u00e1s (Puerto del Rosario), El Faro (P\u00e1jara) y Amigos de P\u00e1jara (P\u00e1jara) participaron en la competici\u00f3n que se desarroll\u00f3 este fin de semana en el Pabell\u00f3n Deportivo de El Tablero (San Bartolom\u00e9 de Tirajana), en Gran Canaria. El equipo Amigos de P\u00e1jara, del municipio de P\u00e1jara, se proclam\u00f3 subcampe\u00f3n de las Neurolimpiadas 2025.<\/p>\n<p>Adem\u00e1s, durante el evento se anunci\u00f3 que el municipio de P\u00e1jara ser\u00e1 la sede de la final regional en la edici\u00f3n de 2026. La Asociaci\u00f3n Neurol\u00edmpica hizo entrega del cetro neurol\u00edmpico al consejero de Acci\u00f3n Social, V\u00edctor Alonso, y la bandera conmemorativa alcalde de P\u00e1jara, Alejandro Jorge, como s\u00edmbolos de la continuidad de la competici\u00f3n.<\/p>\n<p>La presidenta del Cabildo de Fuerteventura, Lola Garc\u00eda, y el consejero de Acci\u00f3n Social, V\u00edctor Alonso, felicitan a los cerca de 300 mayores de la Isla que participaron en las Neuromajo 2025, as\u00ed como a los equipos que han estado compitiendo en la final en Gran Canaria.<\/p>\n<p>El consejero V\u00edctor Alonso anunci\u00f3 que \u201cya estamos trabajando en la edici\u00f3n de 2026 de las Neuromajo, un proyecto de la Consejer\u00eda de Acci\u00f3n Social del Cabildo de Fuerteventura, en colaboraci\u00f3n con los seis ayuntamientos de la Isla y Asociaci\u00f3n Neurol\u00edmpica, que se ha consolidado como una iniciativa para el envejecimiento activo y saludable de los y las participantes\u201d.<\/p>\n<p>Esta edici\u00f3n de NeuroMajo ha contado, tambi\u00e9n, con la colaboraci\u00f3n de Padilla Supermercados Spar.<\/p>\n<\/div>\n","protected":false},"excerpt":{"rendered":"<p>14 diciembre, 2025 El municipio de P\u00e1jara acoger\u00e1 la competici\u00f3n a nivel auton\u00f3mico en la edici\u00f3n de 2026 Los equipos majoreros clasificados en las Neuromajo 2025 han participado este fin [&hellip;]<\/p>\n","protected":false},"author":1,"featured_media":15378,"comment_status":"open","ping_status":"open","sticky":false,"template":"","format":"standard","meta":{"inline_featured_image":false,"jnews-multi-image_gallery":[],"jnews_single_post":[],"jnews_primary_category":[],"jnews_social_meta":[],"jnews_override_counter":[],"jnews_post_split":[],"footnotes":""},"categories":[58],"tags":[82],"class_list":["post-15376","post","type-post","status-publish","format-standard","has-post-thumbnail","hentry","category-cabildo","tag-fuerteventura"],"jetpack_featured_media_url":"https:\/\/informacionlocal.es\/wp-content\/uploads\/2025\/12\/neurolimpiadas-pc3a1jara-scaled.jpeg","_links":{"self":[{"href":"https:\/\/informacionlocal.es\/it\/wp-json\/wp\/v2\/posts\/15376","targetHints":{"allow":["GET"]}}],"collection":[{"href":"https:\/\/informacionlocal.es\/it\/wp-json\/wp\/v2\/posts"}],"about":[{"href":"https:\/\/informacionlocal.es\/it\/wp-json\/wp\/v2\/types\/post"}],"author":[{"embeddable":true,"href":"https:\/\/informacionlocal.es\/it\/wp-json\/wp\/v2\/users\/1"}],"replies":[{"embeddable":true,"href":"https:\/\/informacionlocal.es\/it\/wp-json\/wp\/v2\/comments?post=15376"}],"version-history":[{"count":0,"href":"https:\/\/informacionlocal.es\/it\/wp-json\/wp\/v2\/posts\/15376\/revisions"}],"wp:featuredmedia":[{"embeddable":true,"href":"https:\/\/informacionlocal.es\/it\/wp-json\/wp\/v2\/media\/15378"}],"wp:attachment":[{"href":"https:\/\/informacionlocal.es\/it\/wp-json\/wp\/v2\/media?parent=15376"}],"wp:term":[{"taxonomy":"category","embeddable":true,"href":"https:\/\/informacionlocal.es\/it\/wp-json\/wp\/v2\/categories?post=15376"},{"taxonomy":"post_tag","embeddable":true,"href":"https:\/\/informacionlocal.es\/it\/wp-json\/wp\/v2\/tags?post=15376"}],"curies":[{"name":"wp","href":"https:\/\/api.w.org\/{rel}","templated":true}]}}