{"id":15336,"date":"2025-12-12T21:02:22","date_gmt":"2025-12-12T21:02:22","guid":{"rendered":"https:\/\/informacionlocal.es\/el-ayuntamiento-a-traves-de-la-concejalia-de-movilidad-y-accesibilidad-inicia-nuevas-mejoras-de-aceras-en-varios-barrios-del-municipio\/"},"modified":"2025-12-12T21:02:22","modified_gmt":"2025-12-12T21:02:22","slug":"el-ayuntamiento-a-traves-de-la-concejalia-de-movilidad-y-accesibilidad-inicia-nuevas-mejoras-de-aceras-en-varios-barrios-del-municipio","status":"publish","type":"post","link":"https:\/\/informacionlocal.es\/it\/el-ayuntamiento-a-traves-de-la-concejalia-de-movilidad-y-accesibilidad-inicia-nuevas-mejoras-de-aceras-en-varios-barrios-del-municipio\/","title":{"rendered":"El ayuntamiento, a trav\u00e9s de la Concejal\u00eda de Movilidad y Accesibilidad, inicia nuevas mejoras de aceras en varios barrios del municipio"},"content":{"rendered":"<div class=\"entry-content\">\n<p>El ayuntamiento de Puerto del Rosario, a trav\u00e9s de la Concejal\u00eda de Movilidad y Accesibilidad, ha iniciado un nuevo paquete de actuaciones para la renovaci\u00f3n y mejora de aceras, dentro del plan municipal \u201cUn Puerto m\u00e1s inclusivo\u201d. Estas intervenciones dan respuesta a las peticiones vecinales y se ejecutar\u00e1n en zonas donde la necesidad es m\u00e1s urgente.<\/p>\n<p>Calles donde se llevar\u00e1n a cabo las obras:<\/p>\n<p>Calle Tabajoste, Calle La Apa\u00f1ada, Calle Mar\u00eda Estrada, Calle Castilla, Calle La Venta.<\/p>\n<p>El <strong>alcalde, David de Vera,<\/strong> destac\u00f3 que \u201cestas actuaciones refuerzan el compromiso municipal con una ciudad m\u00e1s segura, accesible y c\u00f3moda para la ciudadan\u00eda\u201d.<\/p>\n<p>Por su parte, la <strong>concejala de Movilidad y Accesibilidad, To\u00f1i Fern\u00e1ndez Arag\u00f3n,<\/strong> explic\u00f3 que \u201cse han priorizado las zonas con mayor precariedad y mayor volumen de solicitudes vecinales, y se\u00f1al\u00f3 que estas mejoras continuar\u00e1n extendi\u00e9ndose a otros barrios del municipio\u201d.<\/p>\n<p>El Ayuntamiento de Puerto del Rosario agradece la comprensi\u00f3n de los vecinos y vecinas, y pide disculpas por las posibles molestias que puedan ocasionar los trabajos, necesarios para seguir avanzando hacia un municipio m\u00e1s accesible e inclusivo.<\/p>\n<\/div>\n","protected":false},"excerpt":{"rendered":"<p>El ayuntamiento de Puerto del Rosario, a trav\u00e9s de la Concejal\u00eda de Movilidad y Accesibilidad, ha iniciado un nuevo paquete de actuaciones para la renovaci\u00f3n y mejora de aceras, dentro [&hellip;]<\/p>\n","protected":false},"author":1,"featured_media":15338,"comment_status":"open","ping_status":"open","sticky":false,"template":"","format":"standard","meta":{"inline_featured_image":false,"jnews-multi-image_gallery":[],"jnews_single_post":[],"jnews_primary_category":[],"jnews_social_meta":[],"jnews_override_counter":[],"jnews_post_split":[],"footnotes":""},"categories":[61],"tags":[],"class_list":["post-15336","post","type-post","status-publish","format-standard","has-post-thumbnail","hentry","category-puerto-del-rosario"],"jetpack_featured_media_url":"https:\/\/informacionlocal.es\/wp-content\/uploads\/2025\/12\/aceras-t-2-toni-121225.jpg","_links":{"self":[{"href":"https:\/\/informacionlocal.es\/it\/wp-json\/wp\/v2\/posts\/15336","targetHints":{"allow":["GET"]}}],"collection":[{"href":"https:\/\/informacionlocal.es\/it\/wp-json\/wp\/v2\/posts"}],"about":[{"href":"https:\/\/informacionlocal.es\/it\/wp-json\/wp\/v2\/types\/post"}],"author":[{"embeddable":true,"href":"https:\/\/informacionlocal.es\/it\/wp-json\/wp\/v2\/users\/1"}],"replies":[{"embeddable":true,"href":"https:\/\/informacionlocal.es\/it\/wp-json\/wp\/v2\/comments?post=15336"}],"version-history":[{"count":0,"href":"https:\/\/informacionlocal.es\/it\/wp-json\/wp\/v2\/posts\/15336\/revisions"}],"wp:featuredmedia":[{"embeddable":true,"href":"https:\/\/informacionlocal.es\/it\/wp-json\/wp\/v2\/media\/15338"}],"wp:attachment":[{"href":"https:\/\/informacionlocal.es\/it\/wp-json\/wp\/v2\/media?parent=15336"}],"wp:term":[{"taxonomy":"category","embeddable":true,"href":"https:\/\/informacionlocal.es\/it\/wp-json\/wp\/v2\/categories?post=15336"},{"taxonomy":"post_tag","embeddable":true,"href":"https:\/\/informacionlocal.es\/it\/wp-json\/wp\/v2\/tags?post=15336"}],"curies":[{"name":"wp","href":"https:\/\/api.w.org\/{rel}","templated":true}]}}