{"id":15330,"date":"2025-12-12T20:03:18","date_gmt":"2025-12-12T20:03:18","guid":{"rendered":"https:\/\/informacionlocal.es\/el-cabildo-activa-el-pein-debido-a-las-alertas-meteorologicas\/"},"modified":"2025-12-12T20:03:18","modified_gmt":"2025-12-12T20:03:18","slug":"el-cabildo-activa-el-pein-debido-a-las-alertas-meteorologicas","status":"publish","type":"post","link":"https:\/\/informacionlocal.es\/it\/el-cabildo-activa-el-pein-debido-a-las-alertas-meteorologicas\/","title":{"rendered":"\ufeffEl Cabildo activa el PEIN debido a las alertas meteorol\u00f3gicas"},"content":{"rendered":"<div class=\"entry-content\"><strong>12 diciembre, 2025<\/strong><\/p>\n<p><em>Se suspenden todos los eventos de p\u00fablica concurrencia, procediendo al cierre de instalaciones del Cabildo y suspensi\u00f3n de actividades<\/em><\/p>\n<p><strong>Viernes 12 de diciembre\u00a0de 2025.-<\/strong><\/p>\n<p>Debido a la situaci\u00f3n de alerta m\u00e1xima por fen\u00f3menos costeros, alerta por vientos, lluvias, inundaciones costeras y prealerta por tormentas, y ante la declaraci\u00f3n del PEFMA por parte de la Direcci\u00f3n General del Gobierno de Canarias, el Cabildo de Fuerteventura ha activado el Plan Territorial Insular de Emergencias de Protecci\u00f3n Civil de la Isla de Fuerteventura (PEIN) en situaci\u00f3n de premeergencias, desde las 17.00 horas de hoy, 12 de diciembre.<\/p>\n<p>Por el momento, se suspenden todos los eventos de p\u00fablica concurrencia, medida que afecta las actividades organizadas por el Cabildo de Fuerteventura y las instalaciones dependientes del mismo, afectando as\u00ed a museos, instalaciones deportivas y a toda la programaci\u00f3n dirigida al p\u00fablico en general, durante toda la vigencia de la activaci\u00f3n del PEIN.<\/p>\n<p>El Cabildo activa el PEIN con el objetivo de planificar las actuaciones necesarias con el fin de poder dar una respuesta r\u00e1pida y eficaz ante cualquier emergencia que se produzca en Fuerteventura.<\/p>\n<p>La Corporaci\u00f3n insular agradece la colaboraci\u00f3n ciudadana en la toma de las precauciones pertinentes. Se insta a la poblaci\u00f3n a seguir los siguientes consejos de autoprotecci\u00f3n de la Direcci\u00f3n General de Emergencias:\u00a0https:\/\/www.gobiernodecanarias.org\/emergencias\/alertas\/Alerta_vigente.html<\/p>\n<\/div>\n","protected":false},"excerpt":{"rendered":"<p>12 diciembre, 2025 Se suspenden todos los eventos de p\u00fablica concurrencia, procediendo al cierre de instalaciones del Cabildo y suspensi\u00f3n de actividades Viernes 12 de diciembre\u00a0de 2025.- Debido a la [&hellip;]<\/p>\n","protected":false},"author":1,"featured_media":15332,"comment_status":"open","ping_status":"open","sticky":false,"template":"","format":"standard","meta":{"inline_featured_image":false,"jnews-multi-image_gallery":[],"jnews_single_post":[],"jnews_primary_category":[],"jnews_social_meta":[],"jnews_override_counter":[],"jnews_post_split":[],"footnotes":""},"categories":[58],"tags":[69,82],"class_list":["post-15330","post","type-post","status-publish","format-standard","has-post-thumbnail","hentry","category-cabildo","tag-eventos","tag-fuerteventura"],"jetpack_featured_media_url":"https:\/\/informacionlocal.es\/wp-content\/uploads\/2025\/12\/nueva-guia-visual-cabildo-ftv-post-de-instagram-45.jpg","_links":{"self":[{"href":"https:\/\/informacionlocal.es\/it\/wp-json\/wp\/v2\/posts\/15330","targetHints":{"allow":["GET"]}}],"collection":[{"href":"https:\/\/informacionlocal.es\/it\/wp-json\/wp\/v2\/posts"}],"about":[{"href":"https:\/\/informacionlocal.es\/it\/wp-json\/wp\/v2\/types\/post"}],"author":[{"embeddable":true,"href":"https:\/\/informacionlocal.es\/it\/wp-json\/wp\/v2\/users\/1"}],"replies":[{"embeddable":true,"href":"https:\/\/informacionlocal.es\/it\/wp-json\/wp\/v2\/comments?post=15330"}],"version-history":[{"count":0,"href":"https:\/\/informacionlocal.es\/it\/wp-json\/wp\/v2\/posts\/15330\/revisions"}],"wp:featuredmedia":[{"embeddable":true,"href":"https:\/\/informacionlocal.es\/it\/wp-json\/wp\/v2\/media\/15332"}],"wp:attachment":[{"href":"https:\/\/informacionlocal.es\/it\/wp-json\/wp\/v2\/media?parent=15330"}],"wp:term":[{"taxonomy":"category","embeddable":true,"href":"https:\/\/informacionlocal.es\/it\/wp-json\/wp\/v2\/categories?post=15330"},{"taxonomy":"post_tag","embeddable":true,"href":"https:\/\/informacionlocal.es\/it\/wp-json\/wp\/v2\/tags?post=15330"}],"curies":[{"name":"wp","href":"https:\/\/api.w.org\/{rel}","templated":true}]}}