{"id":15318,"date":"2025-12-12T17:58:28","date_gmt":"2025-12-12T17:58:28","guid":{"rendered":"https:\/\/informacionlocal.es\/el-ayuntamiento-de-pajara-saca-a-licitacion-el-reacondicionamiento-de-viales-y-espacios-publicos-de-costa-calma\/"},"modified":"2025-12-12T17:58:28","modified_gmt":"2025-12-12T17:58:28","slug":"el-ayuntamiento-de-pajara-saca-a-licitacion-el-reacondicionamiento-de-viales-y-espacios-publicos-de-costa-calma","status":"publish","type":"post","link":"https:\/\/informacionlocal.es\/it\/el-ayuntamiento-de-pajara-saca-a-licitacion-el-reacondicionamiento-de-viales-y-espacios-publicos-de-costa-calma\/","title":{"rendered":"El Ayuntamiento de P\u00e1jara saca a licitaci\u00f3n el Reacondicionamiento de Viales y Espacios P\u00fablicos de Costa Calma\u00a0"},"content":{"rendered":"<div class=\"entry-content\">\n<p><b><i>El grupo de gobierno, en compromiso con la poblaci\u00f3n, da un paso firme por la mejora de la accesibilidad y la modernizaci\u00f3n del n\u00facleo urbano de la localidad<\/i><\/b><\/p>\n<p><b><i>Las personas o entidades interesadas en presentar sus ofertas podr\u00e1n realizarlo hasta el jueves 15 de enero de 2026 a trav\u00e9s de la sede electr\u00f3nica del Consistorio\u00a0<\/i><\/b><\/p>\n<p><span>La Concejal\u00eda de Oficina T\u00e9cnica, Urbanismo y Planeamiento del Ayuntamiento de P\u00e1jara, dirigida por Alexis Alonso, ha sacado a licitaci\u00f3n la redacci\u00f3n del proyecto, la direcci\u00f3n de obra y la coordinaci\u00f3n de seguridad y salud para el Reacondicionamiento de Viales y Espacios P\u00fablicos de Costa Calma, una actuaci\u00f3n clave para la mejora integral del n\u00facleo urbano, con un importe de 446.849 euros.<\/span><\/p>\n<p><span>El concejal de Urbanismo, Alexis Alonso, explic\u00f3 que \u201cesta licitaci\u00f3n marca el punto de partida para la transformaci\u00f3n ordenada de Costa Calma. Con la renovaci\u00f3n de sus viales, accesos y espacios p\u00fablicos con una planificaci\u00f3n rigurosa\u00bb.\u00a0<\/span><\/p>\n<p><span>Por su parte, el alcalde de P\u00e1jara, Alejandro Jorge, asegur\u00f3 que esta acci\u00f3n obedece al compromiso asumido ante los vecinos y las vecinas para mejora la imagen de la localidad. \u201cPara ello, esta acci\u00f3n es imprescindible, ya que sacamos a licitaci\u00f3n la redacci\u00f3n del proyecto que permitir\u00e1 esta actuaci\u00f3n, como paso esencial y previo a las futuras obras\u201d, subray\u00f3.<\/span><\/p>\n<p><span>Las personas o entidades interesadas podr\u00e1n presentar sus solicitudes hasta el jueves 15 de enero de 2026, a trav\u00e9s de la <\/span><span>sede electr\u00f3nica del Ayuntamiento de P\u00e1jara<\/span><span>. Para m\u00e1s informaci\u00f3n, se puede consultar la <\/span><span>Plataforma de Contrataci\u00f3n del Estado<\/span><span>.\u00a0<\/span><\/p>\n<\/div>\n","protected":false},"excerpt":{"rendered":"<p><i>El grupo de gobierno, en compromiso con la poblaci\u00f3n, da un paso firme por la mejora de la accesibilidad y la modernizaci\u00f3n del n\u00facleo urbano de la localidad<\/i><\/p>\n","protected":false},"author":1,"featured_media":15320,"comment_status":"open","ping_status":"open","sticky":false,"template":"","format":"standard","meta":{"inline_featured_image":false,"jnews-multi-image_gallery":[],"jnews_single_post":[],"jnews_primary_category":[],"jnews_social_meta":[],"jnews_override_counter":[],"jnews_post_split":[],"footnotes":""},"categories":[63],"tags":[],"class_list":["post-15318","post","type-post","status-publish","format-standard","has-post-thumbnail","hentry","category-pajara"],"jetpack_featured_media_url":"https:\/\/informacionlocal.es\/wp-content\/uploads\/2025\/12\/ayuntamiento-2.jpeg","_links":{"self":[{"href":"https:\/\/informacionlocal.es\/it\/wp-json\/wp\/v2\/posts\/15318","targetHints":{"allow":["GET"]}}],"collection":[{"href":"https:\/\/informacionlocal.es\/it\/wp-json\/wp\/v2\/posts"}],"about":[{"href":"https:\/\/informacionlocal.es\/it\/wp-json\/wp\/v2\/types\/post"}],"author":[{"embeddable":true,"href":"https:\/\/informacionlocal.es\/it\/wp-json\/wp\/v2\/users\/1"}],"replies":[{"embeddable":true,"href":"https:\/\/informacionlocal.es\/it\/wp-json\/wp\/v2\/comments?post=15318"}],"version-history":[{"count":0,"href":"https:\/\/informacionlocal.es\/it\/wp-json\/wp\/v2\/posts\/15318\/revisions"}],"wp:featuredmedia":[{"embeddable":true,"href":"https:\/\/informacionlocal.es\/it\/wp-json\/wp\/v2\/media\/15320"}],"wp:attachment":[{"href":"https:\/\/informacionlocal.es\/it\/wp-json\/wp\/v2\/media?parent=15318"}],"wp:term":[{"taxonomy":"category","embeddable":true,"href":"https:\/\/informacionlocal.es\/it\/wp-json\/wp\/v2\/categories?post=15318"},{"taxonomy":"post_tag","embeddable":true,"href":"https:\/\/informacionlocal.es\/it\/wp-json\/wp\/v2\/tags?post=15318"}],"curies":[{"name":"wp","href":"https:\/\/api.w.org\/{rel}","templated":true}]}}