{"id":15300,"date":"2025-12-12T14:58:40","date_gmt":"2025-12-12T14:58:40","guid":{"rendered":"https:\/\/informacionlocal.es\/suspendida-la-actividad-lluvia-de-estrellas-fugaces-las-geminidas-por-prealerta-meteorologica\/"},"modified":"2025-12-12T14:58:40","modified_gmt":"2025-12-12T14:58:40","slug":"suspendida-la-actividad-lluvia-de-estrellas-fugaces-las-geminidas-por-prealerta-meteorologica","status":"publish","type":"post","link":"https:\/\/informacionlocal.es\/it\/suspendida-la-actividad-lluvia-de-estrellas-fugaces-las-geminidas-por-prealerta-meteorologica\/","title":{"rendered":"Suspendida la actividad \u2018Lluvia de estrellas fugaces Las Gem\u00ednidas\u2019 por prealerta meteorol\u00f3gica"},"content":{"rendered":"<div class=\"entry-content\"><strong>12 diciembre, 2025<\/strong><\/p>\n<p>El Cabildo de Fuerteventura comunica que, debido a la situaci\u00f3n de<br \/>\nprealerta por lluvias y otros fen\u00f3menos meteorol\u00f3gicos adversos declarada por<br \/>\nla Direcci\u00f3n General de Emergencias, queda suspendida la actividad de<br \/>\nobservaci\u00f3n astron\u00f3mica \u2018Lluvia de estrellas fugaces Las Gem\u00ednidas\u2019 programada<br \/>\npara este s\u00e1bado, 13 de diciembre. Se ruega disculpas por las posibles<br \/>\nmolestias ocasionadas.<\/p>\n<\/div>\n","protected":false},"excerpt":{"rendered":"<p>12 diciembre, 2025 El Cabildo de Fuerteventura comunica que, debido a la situaci\u00f3n de prealerta por lluvias y otros fen\u00f3menos meteorol\u00f3gicos adversos declarada por la Direcci\u00f3n General de Emergencias, queda [&hellip;]<\/p>\n","protected":false},"author":1,"featured_media":15302,"comment_status":"open","ping_status":"open","sticky":false,"template":"","format":"standard","meta":{"inline_featured_image":false,"jnews-multi-image_gallery":[],"jnews_single_post":[],"jnews_primary_category":[],"jnews_social_meta":[],"jnews_override_counter":[],"jnews_post_split":[],"footnotes":""},"categories":[58],"tags":[82],"class_list":["post-15300","post","type-post","status-publish","format-standard","has-post-thumbnail","hentry","category-cabildo","tag-fuerteventura"],"jetpack_featured_media_url":"https:\/\/informacionlocal.es\/wp-content\/uploads\/2025\/12\/suspensic3b3n-actividad-astronc3b3mica.jpeg","_links":{"self":[{"href":"https:\/\/informacionlocal.es\/it\/wp-json\/wp\/v2\/posts\/15300","targetHints":{"allow":["GET"]}}],"collection":[{"href":"https:\/\/informacionlocal.es\/it\/wp-json\/wp\/v2\/posts"}],"about":[{"href":"https:\/\/informacionlocal.es\/it\/wp-json\/wp\/v2\/types\/post"}],"author":[{"embeddable":true,"href":"https:\/\/informacionlocal.es\/it\/wp-json\/wp\/v2\/users\/1"}],"replies":[{"embeddable":true,"href":"https:\/\/informacionlocal.es\/it\/wp-json\/wp\/v2\/comments?post=15300"}],"version-history":[{"count":0,"href":"https:\/\/informacionlocal.es\/it\/wp-json\/wp\/v2\/posts\/15300\/revisions"}],"wp:featuredmedia":[{"embeddable":true,"href":"https:\/\/informacionlocal.es\/it\/wp-json\/wp\/v2\/media\/15302"}],"wp:attachment":[{"href":"https:\/\/informacionlocal.es\/it\/wp-json\/wp\/v2\/media?parent=15300"}],"wp:term":[{"taxonomy":"category","embeddable":true,"href":"https:\/\/informacionlocal.es\/it\/wp-json\/wp\/v2\/categories?post=15300"},{"taxonomy":"post_tag","embeddable":true,"href":"https:\/\/informacionlocal.es\/it\/wp-json\/wp\/v2\/tags?post=15300"}],"curies":[{"name":"wp","href":"https:\/\/api.w.org\/{rel}","templated":true}]}}