{"id":15294,"date":"2025-12-12T13:58:47","date_gmt":"2025-12-12T13:58:47","guid":{"rendered":"https:\/\/informacionlocal.es\/tras-las-voces-infantiles-doscientas-voces-adultas-este-sabado-en-el-encuentro-insular-de-villancicos-en-antigua\/"},"modified":"2025-12-12T13:58:47","modified_gmt":"2025-12-12T13:58:47","slug":"tras-las-voces-infantiles-doscientas-voces-adultas-este-sabado-en-el-encuentro-insular-de-villancicos-en-antigua","status":"publish","type":"post","link":"https:\/\/informacionlocal.es\/it\/tras-las-voces-infantiles-doscientas-voces-adultas-este-sabado-en-el-encuentro-insular-de-villancicos-en-antigua\/","title":{"rendered":"Tras las voces infantiles doscientas voces adultas este s\u00e1bado en el Encuentro Insular de Villancicos en Antigua"},"content":{"rendered":"<div class=\"elementor-widget-container\">\n<p><strong>Tras las voces infantiles doscientas voces adultas este s\u00e1bado en el Encuentro Insular de Villancicos en Antigua<\/strong><\/p>\n<p><strong>\u2022 Una decena de agrupaciones musicales interpretan temas tradicionales y nuevas creaciones musicales en la treinta y nueve edici\u00f3n del Encuentro Insular de Villancicos. <\/strong><br \/><strong>\u2022 En la Iglesia de Antigua este s\u00e1bado 13 a las 18:00 horas.<\/strong><\/p>\n<p>Tras la magn\u00edfica actuaci\u00f3n de m\u00e1s de 400 ni\u00f1os y ni\u00f1as en el 39 Encuentro Insular de Villancicos en Antigua, este s\u00e1bado es el turno de los adultos, cerrando esta edici\u00f3n 200 voces de una decena de agrupaciones de la isla.<\/p>\n<p>Felicitar y agradecer la participaci\u00f3n de todos los centros escolares, as\u00ed como escuelas, centro de mayores y parrandas participantes en esta edici\u00f3n, que finaliza este s\u00e1bado y nos ha dejado emotivos y divertidos momentos para recordar, afirma el concejal de Cultura, Jonathan Pe\u00f1a.<\/p>\n<p>Un Encuentro Insular de Villancicos en Antigua organizado por la Fundaci\u00f3n Colectivo Mafasca y el Ayuntamiento de Antigua desde la concejal\u00eda de Cultura, afirma el alcalde, Mat\u00edas Pe\u00f1a, un referente tradicional y cita destacada en la celebraci\u00f3n de estas fechas navide\u00f1as.<\/p>\n<p>Este s\u00e1bado 13 desde las 18:00 horas podr\u00e1 disfrutarse de los villancicos cantados por las agrupaciones de Morro de La Cruz, Montejanana, o el Centro de Mayores de Antigua, adem\u00e1s de las parrandas de El Campillo, La Sebada, Juan Pe\u00f1a, la Escuela Municipal de M\u00fasica de Antigua, y los coros de Puerto del Rosario, P\u00e1jara y el coro sinf\u00f3nico y mixto de Gran Tarajal y Antigua.<\/p>\n<\/div>\n","protected":false},"excerpt":{"rendered":"<p><strong>Tras las voces infantiles doscientas voces adultas este s\u00e1bado en el Encuentro Insular de Villancicos en Antigua<\/strong><\/p>\n","protected":false},"author":1,"featured_media":15296,"comment_status":"open","ping_status":"open","sticky":false,"template":"","format":"standard","meta":{"inline_featured_image":false,"jnews-multi-image_gallery":[],"jnews_single_post":[],"jnews_primary_category":[],"jnews_social_meta":[],"jnews_override_counter":[],"jnews_post_split":[],"footnotes":""},"categories":[59],"tags":[],"class_list":["post-15294","post","type-post","status-publish","format-standard","has-post-thumbnail","hentry","category-antigua"],"jetpack_featured_media_url":"https:\/\/informacionlocal.es\/wp-content\/uploads\/2025\/12\/chocolante-calentito-para-las-voces-infantiles-del-encuentro-insular-de-villancicos-en-antigua-2-scaled-1.jpg","_links":{"self":[{"href":"https:\/\/informacionlocal.es\/it\/wp-json\/wp\/v2\/posts\/15294","targetHints":{"allow":["GET"]}}],"collection":[{"href":"https:\/\/informacionlocal.es\/it\/wp-json\/wp\/v2\/posts"}],"about":[{"href":"https:\/\/informacionlocal.es\/it\/wp-json\/wp\/v2\/types\/post"}],"author":[{"embeddable":true,"href":"https:\/\/informacionlocal.es\/it\/wp-json\/wp\/v2\/users\/1"}],"replies":[{"embeddable":true,"href":"https:\/\/informacionlocal.es\/it\/wp-json\/wp\/v2\/comments?post=15294"}],"version-history":[{"count":0,"href":"https:\/\/informacionlocal.es\/it\/wp-json\/wp\/v2\/posts\/15294\/revisions"}],"wp:featuredmedia":[{"embeddable":true,"href":"https:\/\/informacionlocal.es\/it\/wp-json\/wp\/v2\/media\/15296"}],"wp:attachment":[{"href":"https:\/\/informacionlocal.es\/it\/wp-json\/wp\/v2\/media?parent=15294"}],"wp:term":[{"taxonomy":"category","embeddable":true,"href":"https:\/\/informacionlocal.es\/it\/wp-json\/wp\/v2\/categories?post=15294"},{"taxonomy":"post_tag","embeddable":true,"href":"https:\/\/informacionlocal.es\/it\/wp-json\/wp\/v2\/tags?post=15294"}],"curies":[{"name":"wp","href":"https:\/\/api.w.org\/{rel}","templated":true}]}}