{"id":15282,"date":"2025-12-11T17:58:27","date_gmt":"2025-12-11T17:58:27","guid":{"rendered":"https:\/\/informacionlocal.es\/el-ayuntamiento-de-antigua-comienza-las-reuniones-vecinales-y-tecnicas-para-impulsar-actuaciones-en-salinas-del-carmen\/"},"modified":"2025-12-11T17:58:27","modified_gmt":"2025-12-11T17:58:27","slug":"el-ayuntamiento-de-antigua-comienza-las-reuniones-vecinales-y-tecnicas-para-impulsar-actuaciones-en-salinas-del-carmen","status":"publish","type":"post","link":"https:\/\/informacionlocal.es\/it\/el-ayuntamiento-de-antigua-comienza-las-reuniones-vecinales-y-tecnicas-para-impulsar-actuaciones-en-salinas-del-carmen\/","title":{"rendered":"El Ayuntamiento de Antigua comienza las reuniones vecinales y t\u00e9cnicas para impulsar actuaciones en Salinas del Carmen"},"content":{"rendered":"<div class=\"elementor-widget-container\">\n<p><strong>El Ayuntamiento de Antigua comienza las reuniones vecinales y t\u00e9cnicas para impulsar actuaciones en Salinas del Carmen<\/strong><\/p>\n<p><strong>\u2022 La Asociaci\u00f3n de Vecinos de Salinas del Carmen y el Ayuntamiento de Antigua coordinan expedientes de cesi\u00f3n de suelo y actuaciones necesarias de seguridad y embellecimiento.<\/strong><\/p>\n<p>El alcalde, Mat\u00edas Pe\u00f1a Garc\u00eda, ha reunido este jueves 10 de diciembre, a los t\u00e9cnicos y juristas municipales con el representante de la Asociaci\u00f3n de Vecinos de Salinas del Carmen, Rafael Henr\u00edquez Correa, siguiendo la decisi\u00f3n adoptada en el encuentro vecinal celebrada la semana pasada.<\/p>\n<p>Celebro el anuncio del representante vecinal, se\u00f1alando la disposici\u00f3n de varios vecinos propietarios de terrenos dispuestos a iniciar el procedimiento de cesi\u00f3n de los solares protagonistas en espacios que podr\u00edan transformarse en beneficio de los residentes, afirma el alcalde, Mat\u00edas Pe\u00f1a.<\/p>\n<p>Mientras se inicia la cesi\u00f3n de suelo de diferentes parcelas y varios propietarios, se han coordinado algunas actuaciones m\u00e1s puntuales e inmediatas de ejecutar como es el arreglo de las luminarias y su embellecimiento, as\u00ed como el aumento de papeleras y la se\u00f1alizaci\u00f3n vial aportando seguridad en el paso de peatones e instalaci\u00f3n de espejos en las intersecciones que los precisen.<\/p>\n<p>El Ayuntamiento de Antigua proceder\u00e1 en estos d\u00edas a la instalaci\u00f3n de una marquesina modular que ofrezca refugio y sombra a los grupos escolares que se desplazan en las guaguas de transporte a los centros de estudio.<\/p>\n<p>A su vez, y a petici\u00f3n vecinal, solicitaremos a la instituci\u00f3n insular los permisos, o colaboraci\u00f3n en su caso, para asfaltar y adecentar la zona de aparcamiento, actualmente emplazado en suelo propiedad del Cabildo de Fuerteventura, a la entrada del pueblo.<\/p>\n<p>Esta es una primera reuni\u00f3n de coordinaci\u00f3n entre vecinos y vecinas de Salinas del Carmen y el equipo t\u00e9cnico del Ayuntamiento de Antigua para facilitar procedimientos necesarios de cesi\u00f3n de suelos, as\u00ed como para agilizar las actuaciones posibles y demandas urgentes que precisa el pueblo.<\/p>\n<p>Y afirma el alcalde, Pe\u00f1a Garc\u00eda, tanto esta reuni\u00f3n de trabajo como la vecinal mantenida la pasada semana en Salinas del Carmen, sin duda, ya son importantes pasos adelante y seguiremos dando m\u00e1s avances, juntos.<\/p>\n<\/div>\n","protected":false},"excerpt":{"rendered":"<p><strong>El Ayuntamiento de Antigua comienza las reuniones vecinales y t\u00e9cnicas para impulsar actuaciones en Salinas del Carmen<\/strong><\/p>\n","protected":false},"author":1,"featured_media":15284,"comment_status":"open","ping_status":"open","sticky":false,"template":"","format":"standard","meta":{"inline_featured_image":false,"jnews-multi-image_gallery":[],"jnews_single_post":[],"jnews_primary_category":[],"jnews_social_meta":[],"jnews_override_counter":[],"jnews_post_split":[],"footnotes":""},"categories":[59],"tags":[],"class_list":["post-15282","post","type-post","status-publish","format-standard","has-post-thumbnail","hentry","category-antigua"],"jetpack_featured_media_url":"https:\/\/informacionlocal.es\/wp-content\/uploads\/2025\/12\/primera-reunion-tecnica-y-vecinal-para-coordinar-actuaciones-en-salinas-del-carmen-1-scaled-1.jpg","_links":{"self":[{"href":"https:\/\/informacionlocal.es\/it\/wp-json\/wp\/v2\/posts\/15282","targetHints":{"allow":["GET"]}}],"collection":[{"href":"https:\/\/informacionlocal.es\/it\/wp-json\/wp\/v2\/posts"}],"about":[{"href":"https:\/\/informacionlocal.es\/it\/wp-json\/wp\/v2\/types\/post"}],"author":[{"embeddable":true,"href":"https:\/\/informacionlocal.es\/it\/wp-json\/wp\/v2\/users\/1"}],"replies":[{"embeddable":true,"href":"https:\/\/informacionlocal.es\/it\/wp-json\/wp\/v2\/comments?post=15282"}],"version-history":[{"count":0,"href":"https:\/\/informacionlocal.es\/it\/wp-json\/wp\/v2\/posts\/15282\/revisions"}],"wp:featuredmedia":[{"embeddable":true,"href":"https:\/\/informacionlocal.es\/it\/wp-json\/wp\/v2\/media\/15284"}],"wp:attachment":[{"href":"https:\/\/informacionlocal.es\/it\/wp-json\/wp\/v2\/media?parent=15282"}],"wp:term":[{"taxonomy":"category","embeddable":true,"href":"https:\/\/informacionlocal.es\/it\/wp-json\/wp\/v2\/categories?post=15282"},{"taxonomy":"post_tag","embeddable":true,"href":"https:\/\/informacionlocal.es\/it\/wp-json\/wp\/v2\/tags?post=15282"}],"curies":[{"name":"wp","href":"https:\/\/api.w.org\/{rel}","templated":true}]}}