{"id":15276,"date":"2025-12-11T16:58:24","date_gmt":"2025-12-11T16:58:24","guid":{"rendered":"https:\/\/informacionlocal.es\/voces-nerviosas-agudas-y-llenas-de-ilusion-en-el-comienzo-del-39-encuentro-insular-infantil-de-villancicos-en-antigua\/"},"modified":"2025-12-11T16:58:24","modified_gmt":"2025-12-11T16:58:24","slug":"voces-nerviosas-agudas-y-llenas-de-ilusion-en-el-comienzo-del-39-encuentro-insular-infantil-de-villancicos-en-antigua","status":"publish","type":"post","link":"https:\/\/informacionlocal.es\/it\/voces-nerviosas-agudas-y-llenas-de-ilusion-en-el-comienzo-del-39-encuentro-insular-infantil-de-villancicos-en-antigua\/","title":{"rendered":"Voces nerviosas, agudas y llenas de ilusi\u00f3n en el comienzo del 39 Encuentro Insular Infantil de Villancicos en Antigua"},"content":{"rendered":"<div class=\"elementor-widget-container\">\n<p><strong>Voces nerviosas, agudas y llenas de ilusi\u00f3n en el comienzo del 39 Encuentro Insular Infantil de Villancicos en Antigua<\/strong><\/p>\n<p><strong>\u2022 Impresionante actuaci\u00f3n de la agrupaci\u00f3n del Centro Educaci\u00f3n Especial de Puerto del Rosario, incluyendo adem\u00e1s un villancico interpretado con lengua de signos.<\/strong><\/p>\n<p>Este jueves 11 de diciembre en la Iglesia de Nuestra Se\u00f1ora de La Antigua han comenzado la primera docena de grupos musicales navide\u00f1os infantiles en la trig\u00e9simo novena edici\u00f3n del Encuentro Insular Infantil de Villancicos, organizado por el Ayuntamiento de Antigua desde la concejal\u00eda de Cultura y la Fundaci\u00f3n Colectivo Mafasca.<\/p>\n<p>Las voces, las carreras, los nervios de las peque\u00f1as y peque\u00f1os participantes y sus tutores, maestros y familiares, han completado todos los bancos y cada hueco de la centenaria Iglesia de Antigua, agradeciendo el concejal Jonathan Pe\u00f1a al p\u00e1rroco su colaboraci\u00f3n, como cada a\u00f1o, acogiendo este tradicional encuentro navide\u00f1o.<\/p>\n<p>Todos los participantes han estado magn\u00edficos, pero destaco la actuaci\u00f3n de la agrupaci\u00f3n del Centro de Educaci\u00f3n Especial de Puerto del Rosario, cuyo esfuerzo el de cada joven y sus tutores, ha sido a\u00f1adido por sufrir una aver\u00eda en la guagua, y sin embargo, se\u00f1ala el concejal, han demostrado ganas, ilusi\u00f3n, siendo acompa\u00f1ados con aplausos de todos los asistentes, decidiendo a\u00f1adir a su repertorio un tema musical navide\u00f1o interpretado en lengua de signos.<\/p>\n<p>El alcalde, Mat\u00edas Pe\u00f1a felicita a todas las agrupaciones de hoy jueves, desde el Centro de Educaci\u00f3n Especial y el CEIP de Puerto del Rosario, Ampuyenta, El Castillo, El Tost\u00f3n, Villaverde, as\u00ed como la Escuela Municipal de M\u00fasica y CEO de Antigua.<\/p>\n<p>Este viernes 12 de diciembre, dando comienzo tambi\u00e9n a las 10:00 horas de la ma\u00f1ana, ser\u00e1 el turno de los Centros CEIP Anto\u00f1ito el Farero de Corralejo, Francisca P\u00e9rez de Triquivijate, el Francisco Navarro Artiles en Puerto de l Rosario, el Puerto Cabras, La Oliva, Tesejerague, Tiscamanita, Tuineje, Valles de ortega, Lajares, Gran Tarajal, el IES La Oliva y la Escuela Insular de M\u00fasica.<\/p>\n<p>Un total de 22 agrupaciones infantiles, m\u00e1s de 400 voces de peque\u00f1os y peque\u00f1as de la isla que nos ofrecen un regalo con su ilusi\u00f3n y trabajo en los villancicos, afirma el alcalde, Pe\u00f1a Garc\u00eda, y que se llevan en compensaci\u00f3n el recuerdo \u00fanico de un encuentro especial y tradicional de la Navidad en la isla.<\/p>\n<\/div>\n","protected":false},"excerpt":{"rendered":"<p><strong>Voces nerviosas, agudas y llenas de ilusi\u00f3n en el comienzo del 39 Encuentro Insular Infantil de Villancicos en Antigua<\/strong><\/p>\n","protected":false},"author":1,"featured_media":15278,"comment_status":"open","ping_status":"open","sticky":false,"template":"","format":"standard","meta":{"inline_featured_image":false,"jnews-multi-image_gallery":[],"jnews_single_post":[],"jnews_primary_category":[],"jnews_social_meta":[],"jnews_override_counter":[],"jnews_post_split":[],"footnotes":""},"categories":[59],"tags":[73],"class_list":["post-15276","post","type-post","status-publish","format-standard","has-post-thumbnail","hentry","category-antigua","tag-educacion"],"jetpack_featured_media_url":"https:\/\/informacionlocal.es\/wp-content\/uploads\/2025\/12\/momentos-39-encuentro-infantil-insular-villancicos-en-antigua-2.jpg","_links":{"self":[{"href":"https:\/\/informacionlocal.es\/it\/wp-json\/wp\/v2\/posts\/15276","targetHints":{"allow":["GET"]}}],"collection":[{"href":"https:\/\/informacionlocal.es\/it\/wp-json\/wp\/v2\/posts"}],"about":[{"href":"https:\/\/informacionlocal.es\/it\/wp-json\/wp\/v2\/types\/post"}],"author":[{"embeddable":true,"href":"https:\/\/informacionlocal.es\/it\/wp-json\/wp\/v2\/users\/1"}],"replies":[{"embeddable":true,"href":"https:\/\/informacionlocal.es\/it\/wp-json\/wp\/v2\/comments?post=15276"}],"version-history":[{"count":0,"href":"https:\/\/informacionlocal.es\/it\/wp-json\/wp\/v2\/posts\/15276\/revisions"}],"wp:featuredmedia":[{"embeddable":true,"href":"https:\/\/informacionlocal.es\/it\/wp-json\/wp\/v2\/media\/15278"}],"wp:attachment":[{"href":"https:\/\/informacionlocal.es\/it\/wp-json\/wp\/v2\/media?parent=15276"}],"wp:term":[{"taxonomy":"category","embeddable":true,"href":"https:\/\/informacionlocal.es\/it\/wp-json\/wp\/v2\/categories?post=15276"},{"taxonomy":"post_tag","embeddable":true,"href":"https:\/\/informacionlocal.es\/it\/wp-json\/wp\/v2\/tags?post=15276"}],"curies":[{"name":"wp","href":"https:\/\/api.w.org\/{rel}","templated":true}]}}