{"id":15270,"date":"2025-12-11T15:58:35","date_gmt":"2025-12-11T15:58:35","guid":{"rendered":"https:\/\/informacionlocal.es\/el-cabildo-destaca-la-inyeccion-de-4-millones-de-euros-aprobada-por-el-gobierno-de-canarias-para-proyectos-estrategicos-e-infraestructuras-basicas\/"},"modified":"2025-12-11T15:58:35","modified_gmt":"2025-12-11T15:58:35","slug":"el-cabildo-destaca-la-inyeccion-de-4-millones-de-euros-aprobada-por-el-gobierno-de-canarias-para-proyectos-estrategicos-e-infraestructuras-basicas","status":"publish","type":"post","link":"https:\/\/informacionlocal.es\/it\/el-cabildo-destaca-la-inyeccion-de-4-millones-de-euros-aprobada-por-el-gobierno-de-canarias-para-proyectos-estrategicos-e-infraestructuras-basicas\/","title":{"rendered":"\ufeffEl Cabildo destaca la inyecci\u00f3n de 4 millones de euros aprobada por el Gobierno de Canarias para proyectos estrat\u00e9gicos e infraestructuras b\u00e1sicas"},"content":{"rendered":"<div class=\"entry-content\"><strong>11 diciembre, 2025<\/strong><\/p>\n<p><em><strong>La financiaci\u00f3n se dirige a impulsar proyectos impulsados por el Parque Tecnol\u00f3gico de Fuerteventura y actuaciones de mejora en carreteras<\/strong><\/em><\/p>\n<p>El Cabildo insular destaca la autorizaci\u00f3n de m\u00e1s de 4 millones de euros de inversi\u00f3n para diferentes proyectos estrat\u00e9gicos en Fuerteventura, que ha sido aprobada hoy por el Consejo de Gobierno de Canarias. Una inversi\u00f3n que ir\u00e1 destinada a los proyectos que se impulsan desde el Cabildo de Fuerteventura a trav\u00e9s del Parque Tecnol\u00f3gico, as\u00ed como una partida cercana a los 90.000 euros para actuaciones en el \u00e1rea de carreteras.<\/p>\n<p>La presidenta del Cabildo, Lola Garc\u00eda, explica que \u201cse trata de acuerdos que afectan positivamente al desarrollo econ\u00f3mico y las infraestructuras de Fuerteventura, dentro del trabajo de coordinaci\u00f3n entre ambas administraciones para dar respuesta a las principales necesidades de la Isla\u201d.<\/p>\n<p>En este sentido, prosigue Garc\u00eda, la autorizaci\u00f3n de estos m\u00e1s de cuatro millones de euros por parte del Gobierno de Canarias supone un respaldo importante para proyectos estrat\u00e9gicos, \u201cunos recursos que permitir\u00e1n seguir avanzando en la modernizaci\u00f3n de la Isla y la diversificaci\u00f3n econ\u00f3mica desde el Parque Tecnol\u00f3gico, sin dejar de lado actuaciones necesarias en infraestructuras b\u00e1sicas para la ciudadan\u00eda como las carreteras\u201d.<\/p>\n<p>La mayor parte de los cr\u00e9ditos autorizados se destinan al Parque Tecnol\u00f3gico de Fuerteventura, una infraestructura impulsada por el Cabildo como pieza clave de la estrategia insular de diversificaci\u00f3n econ\u00f3mica, innovaci\u00f3n y atracci\u00f3n de inversi\u00f3n.<\/p>\n<p>El Parque Tecnol\u00f3gico se ha consolidado como un espacio de referencia para el desarrollo de proyectos tecnol\u00f3gicos y cient\u00edficos, la implantaci\u00f3n de empresas innovadoras y la generaci\u00f3n de empleo cualificado, especialmente en sectores vinculados a la energ\u00eda, la sostenibilidad, la digitalizaci\u00f3n, la observaci\u00f3n del territorio y la gesti\u00f3n eficiente de los recursos.<\/p>\n<p>Lola Garc\u00eda agradece la sensibilidad del consejero regional de Pol\u00edtica Territorial, Cohesi\u00f3n Territorial y Aguas, Manuel Miranda, y la consejera de Universidades, Ciencia e Innovaci\u00f3n y Cultura, Migdalia Mach\u00edn, con Fuerteventura, en el impulso de proyectos tan importantes que repercuten en beneficio de la sociedad canaria, en general, y de Fuerteventura, en particular<\/p>\n<p>Junto a la financiaci\u00f3n destinada al Parque Tecnol\u00f3gico, el Consejo de Gobierno ha autorizado adem\u00e1s una partida cercana a los 90.000 euros para actuaciones en carreteras de Fuerteventura, dirigidas a la mejora de la seguridad vial y del estado de la red viaria insular.<\/p>\n<p>Desde el Cabildo se subraya que estos m\u00e1s de cuatro millones de euros se alinean con el modelo de desarrollo que se viene impulsando en la Isla, basado en la innovaci\u00f3n, la diversificaci\u00f3n econ\u00f3mica, la sostenibilidad y la mejora continua de las infraestructuras.<\/p>\n<\/div>\n","protected":false},"excerpt":{"rendered":"<p>11 diciembre, 2025 La financiaci\u00f3n se dirige a impulsar proyectos impulsados por el Parque Tecnol\u00f3gico de Fuerteventura y actuaciones de mejora en carreteras El Cabildo insular destaca la autorizaci\u00f3n de [&hellip;]<\/p>\n","protected":false},"author":1,"featured_media":15272,"comment_status":"open","ping_status":"open","sticky":false,"template":"","format":"standard","meta":{"inline_featured_image":false,"jnews-multi-image_gallery":[],"jnews_single_post":[],"jnews_primary_category":[],"jnews_social_meta":[],"jnews_override_counter":[],"jnews_post_split":[],"footnotes":""},"categories":[58],"tags":[411,82,412,181,180],"class_list":["post-15270","post","type-post","status-publish","format-standard","has-post-thumbnail","hentry","category-cabildo","tag-desarrollo-economico","tag-fuerteventura","tag-gobierno-de-canarias","tag-infraestructuras","tag-innovacion"],"jetpack_featured_media_url":"https:\/\/informacionlocal.es\/wp-content\/uploads\/2025\/12\/rgrgrg.jpeg","_links":{"self":[{"href":"https:\/\/informacionlocal.es\/it\/wp-json\/wp\/v2\/posts\/15270","targetHints":{"allow":["GET"]}}],"collection":[{"href":"https:\/\/informacionlocal.es\/it\/wp-json\/wp\/v2\/posts"}],"about":[{"href":"https:\/\/informacionlocal.es\/it\/wp-json\/wp\/v2\/types\/post"}],"author":[{"embeddable":true,"href":"https:\/\/informacionlocal.es\/it\/wp-json\/wp\/v2\/users\/1"}],"replies":[{"embeddable":true,"href":"https:\/\/informacionlocal.es\/it\/wp-json\/wp\/v2\/comments?post=15270"}],"version-history":[{"count":0,"href":"https:\/\/informacionlocal.es\/it\/wp-json\/wp\/v2\/posts\/15270\/revisions"}],"wp:featuredmedia":[{"embeddable":true,"href":"https:\/\/informacionlocal.es\/it\/wp-json\/wp\/v2\/media\/15272"}],"wp:attachment":[{"href":"https:\/\/informacionlocal.es\/it\/wp-json\/wp\/v2\/media?parent=15270"}],"wp:term":[{"taxonomy":"category","embeddable":true,"href":"https:\/\/informacionlocal.es\/it\/wp-json\/wp\/v2\/categories?post=15270"},{"taxonomy":"post_tag","embeddable":true,"href":"https:\/\/informacionlocal.es\/it\/wp-json\/wp\/v2\/tags?post=15270"}],"curies":[{"name":"wp","href":"https:\/\/api.w.org\/{rel}","templated":true}]}}