{"id":15214,"date":"2025-12-10T15:58:29","date_gmt":"2025-12-10T15:58:29","guid":{"rendered":"https:\/\/informacionlocal.es\/espectaculo-deportivo-sin-igual-con-la-tercera-edicion-de-la-maraton-dany-sport-corralejo-grandes-playas\/"},"modified":"2025-12-10T15:58:29","modified_gmt":"2025-12-10T15:58:29","slug":"espectaculo-deportivo-sin-igual-con-la-tercera-edicion-de-la-maraton-dany-sport-corralejo-grandes-playas","status":"publish","type":"post","link":"https:\/\/informacionlocal.es\/it\/espectaculo-deportivo-sin-igual-con-la-tercera-edicion-de-la-maraton-dany-sport-corralejo-grandes-playas\/","title":{"rendered":"Espect\u00e1culo deportivo sin igual con la tercera edici\u00f3n de la Marat\u00f3n Dany Sport Corralejo Grandes Playas"},"content":{"rendered":"<p>Una carrera que conquista nuevos \u00e9xitos cada a\u00f1o. La Marat\u00f3n Dany Sport Corralejo \u2013 Grandes Playas supera los 720 corredores, duplicando los inscritos de la anterior edici\u00f3n. En su tercer a\u00f1o, la competici\u00f3n regresa el 13 de diciembre con diferentes modalidades de carrera. Marat\u00f3n, media marat\u00f3n, media marat\u00f3n inclusiva, 10km, 10km inclusiva, 5km y tambi\u00e9n, una carrera para los m\u00e1s peque\u00f1os y peque\u00f1as. Un encuentro que ya se ha hecho un hueco no solo dentro de la agenda deportiva municipal, sino que trasciende las fronteras de la Isla y el Archipi\u00e9lago, logrando captar atletas nacionales e internacionales. <\/p>\n<p>El viernes, 12 de diciembre, ser\u00e1 la recogida de dorsales de 16:00 a 19:00 horas, en donde se podr\u00e1 disfrutar tambi\u00e9n de m\u00fasica con un DJ animaci\u00f3n y una charla sobre deporte y alto rendimiento. El gran d\u00eda ser\u00e1 el s\u00e1bado, 13 de diciembre, en el que se continuar\u00e1 con la recogida de dorsales desde las 07:00 hasta las 08:00 horas y seguir\u00e1 con la primera salida a las 08:30 horas. M\u00fasica, gastronom\u00eda y buen ambiente acompa\u00f1ar\u00e1n una jornada dedicada al deporte y la conciencia con el medio ambiente.<\/p>\n<p>El alcalde de La Oliva, Isa\u00ed Blanco, recalca el papel de La Oliva dentro de la proyecci\u00f3n tur\u00edstica deportiva m\u00e1s all\u00e1 de la propia Isla: \u201cEventos como la Marat\u00f3n Dany Sport siguen demostrando las cualidades del municipio en la promoci\u00f3n de un turismo deportivo y que contemple, a su vez, el cuidado y el respeto del entorno. Esta tercera edici\u00f3n consolida un evento que logra captar la atenci\u00f3n de los corredores de dentro y fuera de Fuerteventura que disfrutan, no solo del deporte, sino tambi\u00e9n de nuestros espectaculares paisajes.\u201d <\/p>\n<p>Por su parte, la concejala de Deportes, Gleiber Carre\u00f1o, se\u00f1ala: \u201cUn a\u00f1o m\u00e1s presentamos esta tercera edici\u00f3n de la marat\u00f3n que va consolid\u00e1ndose todav\u00eda m\u00e1s en esta edici\u00f3n, alcanzando los 720 corredores y esperando llegar a los 800 inscritos. Les invitamos que vengan a disfrutar de este evento que combina deporte, turismo y cuidado de nuestro entorno natural.\u201d <\/p>\n<p>Adem\u00e1s, el consejero de Deportes, Luis Gonz\u00e1lez, y la consejera de Turismo, Marlene Figueroa, destacan el apoyo del Cabildo de Fuerteventura a este evento que, con su segunda edici\u00f3n, busca consolidarse dentro del circuito deportivo del municipio, agradeciendo la magn\u00edfica organizaci\u00f3n y el respeto por el entorno. <\/p>\n<p>Por \u00faltimo, cabe destacar, a su vez, la colaboraci\u00f3n de las Concejal\u00edas de Turismo y Medio Ambiente, Playas y Salud P\u00fablica, quienes participan en el desarrollo de la competici\u00f3n.<\/p>\n","protected":false},"excerpt":{"rendered":"<p><span>La competici\u00f3n regresa con m\u00e1s de 720 corredores que se disputar\u00e1n el podio de una carrera \u00fanica en medio del entorno natural de las Grandes Playas de la localidad del norte del municipio<\/span><\/p>\n","protected":false},"author":1,"featured_media":15216,"comment_status":"open","ping_status":"open","sticky":false,"template":"","format":"standard","meta":{"inline_featured_image":false,"jnews-multi-image_gallery":[],"jnews_single_post":[],"jnews_primary_category":[],"jnews_social_meta":[],"jnews_override_counter":[],"jnews_post_split":[],"footnotes":""},"categories":[62],"tags":[69,82,76],"class_list":["post-15214","post","type-post","status-publish","format-standard","has-post-thumbnail","hentry","category-la-oliva","tag-eventos","tag-fuerteventura","tag-medio-ambiente"],"jetpack_featured_media_url":"https:\/\/informacionlocal.es\/wp-content\/uploads\/2025\/12\/5281_2cca97a6.png","_links":{"self":[{"href":"https:\/\/informacionlocal.es\/it\/wp-json\/wp\/v2\/posts\/15214","targetHints":{"allow":["GET"]}}],"collection":[{"href":"https:\/\/informacionlocal.es\/it\/wp-json\/wp\/v2\/posts"}],"about":[{"href":"https:\/\/informacionlocal.es\/it\/wp-json\/wp\/v2\/types\/post"}],"author":[{"embeddable":true,"href":"https:\/\/informacionlocal.es\/it\/wp-json\/wp\/v2\/users\/1"}],"replies":[{"embeddable":true,"href":"https:\/\/informacionlocal.es\/it\/wp-json\/wp\/v2\/comments?post=15214"}],"version-history":[{"count":0,"href":"https:\/\/informacionlocal.es\/it\/wp-json\/wp\/v2\/posts\/15214\/revisions"}],"wp:featuredmedia":[{"embeddable":true,"href":"https:\/\/informacionlocal.es\/it\/wp-json\/wp\/v2\/media\/15216"}],"wp:attachment":[{"href":"https:\/\/informacionlocal.es\/it\/wp-json\/wp\/v2\/media?parent=15214"}],"wp:term":[{"taxonomy":"category","embeddable":true,"href":"https:\/\/informacionlocal.es\/it\/wp-json\/wp\/v2\/categories?post=15214"},{"taxonomy":"post_tag","embeddable":true,"href":"https:\/\/informacionlocal.es\/it\/wp-json\/wp\/v2\/tags?post=15214"}],"curies":[{"name":"wp","href":"https:\/\/api.w.org\/{rel}","templated":true}]}}