{"id":15166,"date":"2025-12-09T20:58:28","date_gmt":"2025-12-09T20:58:28","guid":{"rendered":"https:\/\/informacionlocal.es\/juan-manuel-de-prada-presenta-su-ultimo-libro-carcel-de-tinieblas-en-la-capital\/"},"modified":"2025-12-09T20:58:28","modified_gmt":"2025-12-09T20:58:28","slug":"juan-manuel-de-prada-presenta-su-ultimo-libro-carcel-de-tinieblas-en-la-capital","status":"publish","type":"post","link":"https:\/\/informacionlocal.es\/it\/juan-manuel-de-prada-presenta-su-ultimo-libro-carcel-de-tinieblas-en-la-capital\/","title":{"rendered":"Juan Manuel de Prada presenta su \u00faltimo libro \u2018C\u00e1rcel de Tinieblas\u2019 en la capital"},"content":{"rendered":"<div class=\"entry-content\">\n<p><strong>Ser\u00e1 este mi\u00e9rcoles 10 de diciembre, a las 19.30 horas,\u00a0 en la Casa de la Cultura<\/strong><\/p>\n<p>Juan Manuel de Prada, uno de los autores m\u00e1s importantes de la literatura en Espa\u00f1a, visita Puerto del Rosario, el mi\u00e9rcoles 10 de diciembre, para presentar \u2018C\u00e1rcel de tinieblas\u2019, el segundo de los tomos de \u2018Mil ojos esconde la noche\u2019, uno de los libros m\u00e1s impactantes de los \u00faltimos a\u00f1os del panorama literario en castellano.<\/p>\n<p>El acto tendr\u00e1 lugar a las 19.30 horas en la Casa de la Cultura de Puerto del Rosario, en el marco de la programaci\u00f3n de \u2018Saturnalia Cultural\u2019, que organiza el ayuntamiento, a trav\u00e9s de la concejal\u00eda de Cultura.<\/p>\n<p>Para <strong>el alcalde, David de Vera,<\/strong> \u201c con este intenso programa cultural se reafirma el firme compromiso del municipio con la cultura, con una amplia oferta durante el a\u00f1o\u201d.<\/p>\n<p>El <strong>concejal de Cultura, Juan Manuel Verdugo,<\/strong> manifestaba que \u201cPuerto del Rosario se consolida como capital cultural de nuestra isla y referente en el archipi\u00e9lago\u201d.<\/p>\n<p>Cuando en mayo de 2024, se present\u00f3 \u201cLa ciudad sin luz\u201d, la primera entrega de un descomunal proyecto literario titulado \u201cMil ojos esconde la noche\u201d, la reacci\u00f3n de cr\u00edtica y p\u00fablico fue instant\u00e1nea y un\u00e1nime: asombro y admiraci\u00f3n.<\/p>\n<p>En sus casi ochocientas p\u00e1ginas, Juan Manuel de Prada ofrec\u00eda, en un recital estil\u00edstico en el que se superaba a s\u00ed mismo, las peripecias de Navales, el perfecto antih\u00e9roe, (protagonista de su novela \u2018Las m\u00e1scaras del h\u00e9roe\u2019), en los dos primeros a\u00f1os de la ocupaci\u00f3n de Par\u00eds por los nazis. Una novela que dej\u00f3 a los lectores con ganas de m\u00e1s.<\/p>\n<p>De Prada, utilizando el argot taurino, remata la faena en otras ochocientas p\u00e1ginas, las que ahora se presentan con el t\u00edtulo \u2018C\u00e1rcel de tinieblas\u2019.<\/p>\n<p>De forma minuciosa, apoyado en un aparato documental extraordinario, el autor se convierte en nuestro gu\u00eda en la ciudad ocupada, que va siendo carcomida por las sombras, lo mismo que la constelaci\u00f3n de personajes presentados en la primera parte.<\/p>\n<p>En esta segunda entrega de la novela, Navales pugna por redimirse y derrotar el veneno del mal que lleva dentro, lo cual lo coloca en los l\u00edmites de la locura, en una lucha constante con su tendencia natural.<\/p>\n<p>\u2018Saturnalia Cultural\u2019 acoge encuentros con autores, presentaciones de libros, talleres y recitales po\u00e9ticos.\u00a0 Juan Cruz, Jacobo Bergareche, Alicia Llarena, Juan Manuel de Prada, Beatriz Morales, adem\u00e1s de la presentaci\u00f3n de la biograf\u00eda de Pedro Zerolo escrita por Miquel Fern\u00e1ndez Garc\u00eda son los autores que visitar\u00e1n este mes de diciembre la Casa de la Cultura.<\/p>\n<\/div>\n","protected":false},"excerpt":{"rendered":"<p>Ser\u00e1 este mi\u00e9rcoles 10 de diciembre, a las 19.30 horas,\u00a0 en la Casa de la Cultura Juan Manuel de Prada, uno de los autores m\u00e1s importantes de la literatura en [&hellip;]<\/p>\n","protected":false},"author":1,"featured_media":15168,"comment_status":"open","ping_status":"open","sticky":false,"template":"","format":"standard","meta":{"inline_featured_image":false,"jnews-multi-image_gallery":[],"jnews_single_post":[],"jnews_primary_category":[],"jnews_social_meta":[],"jnews_override_counter":[],"jnews_post_split":[],"footnotes":""},"categories":[61],"tags":[],"class_list":["post-15166","post","type-post","status-publish","format-standard","has-post-thumbnail","hentry","category-puerto-del-rosario"],"jetpack_featured_media_url":"https:\/\/informacionlocal.es\/wp-content\/uploads\/2025\/12\/escritor-t-2-juan-manuel-de-prada.jpg","_links":{"self":[{"href":"https:\/\/informacionlocal.es\/it\/wp-json\/wp\/v2\/posts\/15166","targetHints":{"allow":["GET"]}}],"collection":[{"href":"https:\/\/informacionlocal.es\/it\/wp-json\/wp\/v2\/posts"}],"about":[{"href":"https:\/\/informacionlocal.es\/it\/wp-json\/wp\/v2\/types\/post"}],"author":[{"embeddable":true,"href":"https:\/\/informacionlocal.es\/it\/wp-json\/wp\/v2\/users\/1"}],"replies":[{"embeddable":true,"href":"https:\/\/informacionlocal.es\/it\/wp-json\/wp\/v2\/comments?post=15166"}],"version-history":[{"count":0,"href":"https:\/\/informacionlocal.es\/it\/wp-json\/wp\/v2\/posts\/15166\/revisions"}],"wp:featuredmedia":[{"embeddable":true,"href":"https:\/\/informacionlocal.es\/it\/wp-json\/wp\/v2\/media\/15168"}],"wp:attachment":[{"href":"https:\/\/informacionlocal.es\/it\/wp-json\/wp\/v2\/media?parent=15166"}],"wp:term":[{"taxonomy":"category","embeddable":true,"href":"https:\/\/informacionlocal.es\/it\/wp-json\/wp\/v2\/categories?post=15166"},{"taxonomy":"post_tag","embeddable":true,"href":"https:\/\/informacionlocal.es\/it\/wp-json\/wp\/v2\/tags?post=15166"}],"curies":[{"name":"wp","href":"https:\/\/api.w.org\/{rel}","templated":true}]}}