{"id":15106,"date":"2025-12-06T01:58:21","date_gmt":"2025-12-06T01:58:21","guid":{"rendered":"https:\/\/informacionlocal.es\/belen-gigante-en-puerto-del-rosario-con-entrada-gratuita-de-lunes-a-domingo-de-10-a-22-h\/"},"modified":"2025-12-06T01:58:21","modified_gmt":"2025-12-06T01:58:21","slug":"belen-gigante-en-puerto-del-rosario-con-entrada-gratuita-de-lunes-a-domingo-de-10-a-22-h","status":"publish","type":"post","link":"https:\/\/informacionlocal.es\/it\/belen-gigante-en-puerto-del-rosario-con-entrada-gratuita-de-lunes-a-domingo-de-10-a-22-h\/","title":{"rendered":"Bel\u00e9n Gigante en Puerto del Rosario, con entrada gratuita, de lunes a domingo de 10 a 22 h."},"content":{"rendered":"<div class=\"entry-content\">\n<div class=\"xdj266r x14z9mp xat24cr x1lziwak x1vvkbs x126k92a\">\n<div dir=\"auto\">En la tarde noche del jueves, 04 de diciembre, tenia lugar la inauguraci\u00f3n de Bel\u00e9n Gigante de Puerto del Rosario.<\/div>\n<\/div>\n<div class=\"x14z9mp xat24cr x1lziwak x1vvkbs xtlvy1s x126k92a\">\n<div dir=\"auto\">Residentes y visitantes podr\u00e1n disfrutar de este atractivo navide\u00f1o desde el 04 de diciembre al 06 de enero de 10 a 22 h con entrada gratuita.<\/div>\n<\/div>\n<div class=\"x14z9mp xat24cr x1lziwak x1vvkbs xtlvy1s x126k92a\">\n<div dir=\"auto\">El alcalde, David de Vera anima a los vecinos \u00aba visitar esta se\u00f1a de identidad navide\u00f1a del municipio agradeciendo a todos\/as los que de una u otra forma lo han hecho posible\u00bb.<\/div>\n<\/div>\n<div class=\"x14z9mp xat24cr x1lziwak x1vvkbs xtlvy1s x126k92a\">\n<div dir=\"auto\">El concejal de Pueblos y Barrios y Patrimonio destacaba \u00abtodos los detalles de las figuras, construcciones, recreaciones, iluminaci\u00f3n y toda la puesta en escena de esta representaci\u00f3n tradicional de la Navidad majorera\u00bb.<\/div>\n<\/div>\n<\/div>\n","protected":false},"excerpt":{"rendered":"<p>En la tarde noche del jueves, 04 de diciembre, tenia lugar la inauguraci\u00f3n de Bel\u00e9n Gigante de Puerto del Rosario. Residentes y visitantes podr\u00e1n disfrutar de este atractivo navide\u00f1o desde [&hellip;]<\/p>\n","protected":false},"author":1,"featured_media":15108,"comment_status":"open","ping_status":"open","sticky":false,"template":"","format":"standard","meta":{"inline_featured_image":false,"jnews-multi-image_gallery":[],"jnews_single_post":[],"jnews_primary_category":[],"jnews_social_meta":[],"jnews_override_counter":[],"jnews_post_split":[],"footnotes":""},"categories":[61],"tags":[],"class_list":["post-15106","post","type-post","status-publish","format-standard","has-post-thumbnail","hentry","category-puerto-del-rosario"],"jetpack_featured_media_url":"https:\/\/informacionlocal.es\/wp-content\/uploads\/2025\/12\/belen25-g-t-1-portal-ppal-scaled-1.jpg","_links":{"self":[{"href":"https:\/\/informacionlocal.es\/it\/wp-json\/wp\/v2\/posts\/15106","targetHints":{"allow":["GET"]}}],"collection":[{"href":"https:\/\/informacionlocal.es\/it\/wp-json\/wp\/v2\/posts"}],"about":[{"href":"https:\/\/informacionlocal.es\/it\/wp-json\/wp\/v2\/types\/post"}],"author":[{"embeddable":true,"href":"https:\/\/informacionlocal.es\/it\/wp-json\/wp\/v2\/users\/1"}],"replies":[{"embeddable":true,"href":"https:\/\/informacionlocal.es\/it\/wp-json\/wp\/v2\/comments?post=15106"}],"version-history":[{"count":0,"href":"https:\/\/informacionlocal.es\/it\/wp-json\/wp\/v2\/posts\/15106\/revisions"}],"wp:featuredmedia":[{"embeddable":true,"href":"https:\/\/informacionlocal.es\/it\/wp-json\/wp\/v2\/media\/15108"}],"wp:attachment":[{"href":"https:\/\/informacionlocal.es\/it\/wp-json\/wp\/v2\/media?parent=15106"}],"wp:term":[{"taxonomy":"category","embeddable":true,"href":"https:\/\/informacionlocal.es\/it\/wp-json\/wp\/v2\/categories?post=15106"},{"taxonomy":"post_tag","embeddable":true,"href":"https:\/\/informacionlocal.es\/it\/wp-json\/wp\/v2\/tags?post=15106"}],"curies":[{"name":"wp","href":"https:\/\/api.w.org\/{rel}","templated":true}]}}