{"id":15058,"date":"2025-12-05T13:58:57","date_gmt":"2025-12-05T13:58:57","guid":{"rendered":"https:\/\/informacionlocal.es\/un-mercado-agricola-muy-navideno-este-domingo-en-la-plaza-de-antigua\/"},"modified":"2025-12-05T13:58:57","modified_gmt":"2025-12-05T13:58:57","slug":"un-mercado-agricola-muy-navideno-este-domingo-en-la-plaza-de-antigua","status":"publish","type":"post","link":"https:\/\/informacionlocal.es\/it\/un-mercado-agricola-muy-navideno-este-domingo-en-la-plaza-de-antigua\/","title":{"rendered":"Un Mercado Agr\u00edcola muy navide\u00f1o este domingo en la plaza de Antigua"},"content":{"rendered":"<div class=\"elementor-widget-container\">\n<p><strong>Un Mercado Agr\u00edcola muy navide\u00f1o este domingo en la plaza de Antigua<\/strong><\/p>\n<p><strong>\u2022 Este domingo 7 de diciembre de 09:00 a 14:00 horas el producto local m\u00e1s cercano, fresco y de mejor calidad en una plaza de Antigua muy navide\u00f1a, y con la compa\u00f1\u00eda musical de la parranda Isla del Viento.<\/strong><\/p>\n<p>Como cada primer domingo de mes, el Ayuntamiento de Antigua desde la concejal\u00eda de Agricultura, ganader\u00eda y Pesca organiza el Mercado m\u00e1s cercano, natural y fresco, con los productores de nuestra isla y municipio, que ofrecen desde pescado seco, conservas, dulces tradicionales, pan de masa madre, verdura fresca, hortalizas, mojo, refrescantes zumos de ca\u00f1a canaria hechos en el momento, quesos, especias, o plantas ornamentales, recuerda el alcalde, Mat\u00edas Pe\u00f1a.<\/p>\n<p>Y por supuesto, a\u00f1ade el concejal del sector primario, Fernando Estupi\u00f1\u00e1n, no faltar\u00e1n los turrones canarios, las tortas de pi\u00f1a de almendras, manises y az\u00facar quemado.<\/p>\n<p>En esta ocasi\u00f3n, detalla el concejal Estupi\u00f1\u00e1n, estaremos en una Plaza navide\u00f1a de Antigua en la que podremos disfrutar de la m\u00fasica parrandera del grupo Isla de Viento.<\/p>\n<p>El Mercado Agr\u00edcola de Antigua se celebra cada primer domingo de mes de 09:00 a 14:00 horas en la Plaza principal, aumentando mes a mes de puestos y productores, que responden a la asistencia fluida y continua de vecinos y vecinas del Municipio.<\/p>\n<p>\u00a0<\/p>\n<\/div>\n","protected":false},"excerpt":{"rendered":"<p><strong>Un Mercado Agr\u00edcola muy navide\u00f1o este domingo en la plaza de Antigua<\/strong><\/p>\n","protected":false},"author":1,"featured_media":15060,"comment_status":"open","ping_status":"open","sticky":false,"template":"","format":"standard","meta":{"inline_featured_image":false,"jnews-multi-image_gallery":[],"jnews_single_post":[],"jnews_primary_category":[],"jnews_social_meta":[],"jnews_override_counter":[],"jnews_post_split":[],"footnotes":""},"categories":[59],"tags":[],"class_list":["post-15058","post","type-post","status-publish","format-standard","has-post-thumbnail","hentry","category-antigua"],"jetpack_featured_media_url":"https:\/\/informacionlocal.es\/wp-content\/uploads\/2025\/12\/mercado-agricola-este-domingo-en-antigua.jpg","_links":{"self":[{"href":"https:\/\/informacionlocal.es\/it\/wp-json\/wp\/v2\/posts\/15058","targetHints":{"allow":["GET"]}}],"collection":[{"href":"https:\/\/informacionlocal.es\/it\/wp-json\/wp\/v2\/posts"}],"about":[{"href":"https:\/\/informacionlocal.es\/it\/wp-json\/wp\/v2\/types\/post"}],"author":[{"embeddable":true,"href":"https:\/\/informacionlocal.es\/it\/wp-json\/wp\/v2\/users\/1"}],"replies":[{"embeddable":true,"href":"https:\/\/informacionlocal.es\/it\/wp-json\/wp\/v2\/comments?post=15058"}],"version-history":[{"count":0,"href":"https:\/\/informacionlocal.es\/it\/wp-json\/wp\/v2\/posts\/15058\/revisions"}],"wp:featuredmedia":[{"embeddable":true,"href":"https:\/\/informacionlocal.es\/it\/wp-json\/wp\/v2\/media\/15060"}],"wp:attachment":[{"href":"https:\/\/informacionlocal.es\/it\/wp-json\/wp\/v2\/media?parent=15058"}],"wp:term":[{"taxonomy":"category","embeddable":true,"href":"https:\/\/informacionlocal.es\/it\/wp-json\/wp\/v2\/categories?post=15058"},{"taxonomy":"post_tag","embeddable":true,"href":"https:\/\/informacionlocal.es\/it\/wp-json\/wp\/v2\/tags?post=15058"}],"curies":[{"name":"wp","href":"https:\/\/api.w.org\/{rel}","templated":true}]}}