{"id":15018,"date":"2025-12-04T17:59:34","date_gmt":"2025-12-04T17:59:34","guid":{"rendered":"https:\/\/informacionlocal.es\/el-parque-tecnologico-da-a-conocer-sus-proyectos-en-materia-de-emergencia-al-ministerio-de-interior\/"},"modified":"2025-12-04T17:59:34","modified_gmt":"2025-12-04T17:59:34","slug":"el-parque-tecnologico-da-a-conocer-sus-proyectos-en-materia-de-emergencia-al-ministerio-de-interior","status":"publish","type":"post","link":"https:\/\/informacionlocal.es\/it\/el-parque-tecnologico-da-a-conocer-sus-proyectos-en-materia-de-emergencia-al-ministerio-de-interior\/","title":{"rendered":"El Parque Tecnol\u00f3gico da a conocer sus proyectos en materia de emergencia al Ministerio de Interior"},"content":{"rendered":"<div class=\"entry-content\"><strong>4 diciembre, 2025<\/strong><\/p>\n<p><em><strong>La presidenta insular, Lola Garc\u00eda, y el consejero del Gobierno de Canarias, Manuel Miranda, recibieron a los representantes del Estado en una visita al edificio ISSEC y el Canarias Stratoport for HAPS &amp; UAS<\/strong><\/em><\/p>\n<p>El Parque Tecnol\u00f3gico de Fuerteventura, dependiente del Cabildo de Fuerteventura, ha recibido hoy la visita de representantes del Ministerio del Interior, con el objetivo de darles a conocer los proyectos de soluciones innovadoras que se desarrollan desde estas instalaciones en \u00e1reas como seguridad, emergencias, protecci\u00f3n civil y de la biodiversidad.<\/p>\n<p>La presidenta insular, Lola Garc\u00eda, y el consejero de Pol\u00edtica Territorial, Cohesi\u00f3n Territorial y Aguas del ejecutivo auton\u00f3mico, Manuel Miranda, recibieron a la directora general de Protecci\u00f3n Civil y Emergencias en el Ministerio del Interior, Virginia Barcones, y al delegado del Gobierno en Canarias, Anselmo Pestana, quienes conocieron de primera mano la tecnolog\u00eda que se desarrolla desde el Parque Tecnol\u00f3gico para la operaci\u00f3n de plataformas a\u00e9reas no tripuladas en misiones de servicio p\u00fablico.<\/p>\n<p>En la visita, estuvieron presentes el la consejera de Seguridad y Emergencias, Lolina Negr\u00edn, el viceconsejero de Emergencias y Aguas del Gobierno de Canarias, Fernando Figuereo, as\u00ed como el subdirector general de prevenci\u00f3n, planificaci\u00f3n y emergencias del Ministerio del Interior, Benjam\u00edn Salvago, y la senadora por Fuerteventura, Paloma Hern\u00e1ndez.<\/p>\n<p>La presidenta del Cabildo de Fuerteventura, Lola Garc\u00eda, destac\u00f3 que, \u201ces importante que tanto las administraciones locales como suprainsulares conozcan las capacidades que tiene el Parque Tecnol\u00f3gico de Fuerteventura, que acoge ya proyectos punteros en el \u00e1mbito de la seguridad y emergencias, protecci\u00f3n de la biodiversidad o gesti\u00f3n de los flujos migratorios, que pueden dar respuesta en situaciones cr\u00edticas y salvar vidas\u201d. \u201cEs importante que se conozcan las oportunidades que ofrece Fuerteventura dentro de la estrategia nacional de seguridad y emergencias, teniendo este Parque Tecnol\u00f3gico como punto neur\u00e1lgico para este tipo de operaciones\u201d.<\/p>\n<p>Unos proyectos que contribuyen, adem\u00e1s, a \u201catraer innovaci\u00f3n, generar inversi\u00f3n y diversificaci\u00f3n de nuestra econom\u00eda, y que no ser\u00edan posibles sin la colaboraci\u00f3n de instituciones, empresas y sociedad\u201d.<\/p>\n<p>El consejero de Pol\u00edtica Territorial, Cohesi\u00f3n Territorial y Aguas, Manuel Miranda, resalt\u00f3 \u201cel potencial que tiene el Parque Tecnol\u00f3gico de Fuerteventura en este \u00e1mbito tan importante, con proyectos en curso que pueden ayudar a solventar grandes emergencias que tenemos hoy en d\u00eda por el cambio clim\u00e1tico y otros factores\u201d. \u201cPor este motivo, debemos seguir reforzando el Parque Tecnol\u00f3gico, que es ya una realidad, generando investigaci\u00f3n, desarrollo e innovaci\u00f3n\u201d, a\u00f1adi\u00f3 Miranda.<\/p>\n<p>Por su parte, la directora general de Protecci\u00f3n Civil y Emergencias en el Ministerio del Interior, Virginia Barcones, se\u00f1al\u00f3 que, ante las situaciones de emergencia sobrevenidas en los \u00faltimos a\u00f1os, \u201ces importante fortalecer las capacidades del sistema nacional de protecci\u00f3n civil: gobiernos locales, regionales y gobierno de Espa\u00f1a. En definitiva, sumar esfuerzos para protegernos ante una realidad que es el cambio clim\u00e1tico.<\/p>\n<p>Barcones puso en valor los proyectos del Parque Tecnol\u00f3gico, \u201cque convierten a Canarias en referente en el uso de las innovaciones tecnol\u00f3gicas para la anticipaci\u00f3n, prevenci\u00f3n y coordinaci\u00f3n ante hechos catastr\u00f3ficos\u201d.<\/p>\n<p>Las autoridades realizaron una visita institucional al edificio ISSEC: un centro para el desarrollo de soluciones innovadoras mediante Data Analytics a partir de datos obtenidos de sensores embarcados en plataformas no tripuladas. Asimismo, visitaron la pista de operaciones Canarias Stratoport for HAPS &amp; UAS, la mayor de toda Espa\u00f1a para operaciones con pseudosat\u00e9lites y aeronaves no tripuladas.<\/p>\n<p>Ambas iniciativas forman parte de Canarias Geo Innovation 2030, un programa de innovaci\u00f3n del Cabildo de Fuerteventura y Gobierno de Canarias para la observaci\u00f3n de la Tierra y las comunicaciones con el objetivo de mejorar los servicios p\u00fablicos.<\/p>\n<p>\u2018Canarias Geo Innovation Program 2030\u2019\u00a0www.canarias-geo-innovation.com, y sus proyectos y actuaciones de desarrollo son cofinanciados por la Uni\u00f3n Europea, mediante el Plan de Recuperaci\u00f3n, Transformaci\u00f3n y Resiliencia, Espa\u00f1a Puede, de los fondos Next Generation UE y el programa FEDER 2021-2027, a trav\u00e9s del Ministerio de Ciencia e Innovaci\u00f3n, el Gobierno de Canarias el Cabildo a trav\u00e9s de la Agencia Canaria de Investigaci\u00f3n, Innovaci\u00f3n y Sociedad de la Informaci\u00f3n, ACIISI y el Cabildo de Fuerteventura mediante el Fondo de Desarrollo de Canarias, FDCAN a trav\u00e9s de su entidad Parque Tecnol\u00f3gico de Fuerteventura SA, MP.<\/p>\n<\/div>\n","protected":false},"excerpt":{"rendered":"<p>4 diciembre, 2025 La presidenta insular, Lola Garc\u00eda, y el consejero del Gobierno de Canarias, Manuel Miranda, recibieron a los representantes del Estado en una visita al edificio ISSEC y [&hellip;]<\/p>\n","protected":false},"author":1,"featured_media":15020,"comment_status":"open","ping_status":"open","sticky":false,"template":"","format":"standard","meta":{"inline_featured_image":false,"jnews-multi-image_gallery":[],"jnews_single_post":[],"jnews_primary_category":[],"jnews_social_meta":[],"jnews_override_counter":[],"jnews_post_split":[],"footnotes":""},"categories":[58],"tags":[304,82,66],"class_list":["post-15018","post","type-post","status-publish","format-standard","has-post-thumbnail","hentry","category-cabildo","tag-emergencias","tag-fuerteventura","tag-servicios-publicos"],"jetpack_featured_media_url":"https:\/\/informacionlocal.es\/wp-content\/uploads\/2025\/12\/parquetecnolc3b3gico4-scaled.jpg","_links":{"self":[{"href":"https:\/\/informacionlocal.es\/it\/wp-json\/wp\/v2\/posts\/15018","targetHints":{"allow":["GET"]}}],"collection":[{"href":"https:\/\/informacionlocal.es\/it\/wp-json\/wp\/v2\/posts"}],"about":[{"href":"https:\/\/informacionlocal.es\/it\/wp-json\/wp\/v2\/types\/post"}],"author":[{"embeddable":true,"href":"https:\/\/informacionlocal.es\/it\/wp-json\/wp\/v2\/users\/1"}],"replies":[{"embeddable":true,"href":"https:\/\/informacionlocal.es\/it\/wp-json\/wp\/v2\/comments?post=15018"}],"version-history":[{"count":0,"href":"https:\/\/informacionlocal.es\/it\/wp-json\/wp\/v2\/posts\/15018\/revisions"}],"wp:featuredmedia":[{"embeddable":true,"href":"https:\/\/informacionlocal.es\/it\/wp-json\/wp\/v2\/media\/15020"}],"wp:attachment":[{"href":"https:\/\/informacionlocal.es\/it\/wp-json\/wp\/v2\/media?parent=15018"}],"wp:term":[{"taxonomy":"category","embeddable":true,"href":"https:\/\/informacionlocal.es\/it\/wp-json\/wp\/v2\/categories?post=15018"},{"taxonomy":"post_tag","embeddable":true,"href":"https:\/\/informacionlocal.es\/it\/wp-json\/wp\/v2\/tags?post=15018"}],"curies":[{"name":"wp","href":"https:\/\/api.w.org\/{rel}","templated":true}]}}