{"id":15006,"date":"2025-12-04T15:58:22","date_gmt":"2025-12-04T15:58:22","guid":{"rendered":"https:\/\/informacionlocal.es\/el-cabildo-impulsa-un-curso-formativo-sobre-ciberseguridad-y-privacidad-digital\/"},"modified":"2025-12-04T15:58:22","modified_gmt":"2025-12-04T15:58:22","slug":"el-cabildo-impulsa-un-curso-formativo-sobre-ciberseguridad-y-privacidad-digital","status":"publish","type":"post","link":"https:\/\/informacionlocal.es\/it\/el-cabildo-impulsa-un-curso-formativo-sobre-ciberseguridad-y-privacidad-digital\/","title":{"rendered":"El Cabildo impulsa un curso formativo sobre ciberseguridad y privacidad digital"},"content":{"rendered":"<div class=\"entry-content\"><strong>4 diciembre, 2025<\/strong><\/p>\n<p><strong><em>La formaci\u00f3n va dirigida a toda la poblaci\u00f3n para dar a conocer<br \/>\nlas competencias digitales y as\u00ed prevenir incidentes <\/em><\/strong><\/p>\n<p>El Cabildo de Fuerteventura, a trav\u00e9s de la Consejer\u00eda de<br \/>\nInform\u00e1tica y Nuevas Tecnolog\u00edas, impulsa un nuevo curso formativo gratuito<br \/>\nsobre \u201cCiberseguridad y privacidad digital\u201d, dentro del programa \u201cCharlas y<br \/>\nCursos de Formaci\u00f3n Conecta y Crece Digital\u201d, orientado a reducir la brecha<br \/>\ndigital y favorecer un uso seguro y responsable de la tecnolog\u00eda.<\/p>\n<p>La formaci\u00f3n se desarrollar\u00e1 los d\u00edas 12, 13 y 14 de diciembre en<br \/>\nMorro Jable y se enmarca en el ciclo \u201cConecta y Crece Digital\u201d, que incluye<br \/>\nseis charlas y seis cursos pr\u00e1cticos para acercar las competencias digitales a<br \/>\nla poblaci\u00f3n majorera.<\/p>\n<p>Abordar\u00e1 aspectos clave como la protecci\u00f3n de datos personales en<br \/>\ninternet, la gesti\u00f3n segura de contrase\u00f1as, la detecci\u00f3n de fraudes y estafas<br \/>\nen l\u00ednea, as\u00ed como recomendaciones pr\u00e1cticas para proteger dispositivos m\u00f3viles<br \/>\ny cuentas en redes sociales y servicios en la nube. La metodolog\u00eda combinar\u00e1<br \/>\nexplicaciones te\u00f3ricas con demostraciones y ejercicios pr\u00e1cticos para que las<br \/>\npersonas asistentes puedan aplicar de inmediato los conocimientos adquiridos en<br \/>\nsu vida diaria y en su entorno profesional.<\/p>\n<p>La consejera insular de Nuevas Tecnolog\u00edas, Carmen Alonso, destaca<br \/>\nque este tipo de acciones \u201crefuerzan la seguridad digital de la ciudadan\u00eda y<br \/>\ndel tejido empresarial, en un contexto en el que cada vez se realizan m\u00e1s<br \/>\ngestiones y tr\u00e1mites por v\u00eda telem\u00e1tica\u201d, subrayando que el objetivo es<br \/>\n\u201cacercar las \u00faltimas tecnolog\u00edas y las buenas pr\u00e1cticas en ciberseguridad de<br \/>\nforma accesible, \u00fatil y <\/p>\n<p>cercana a todos los rincones de la isla\u201d. <\/p>\n<p>Desde la Corporaci\u00f3n insular se insiste en que la sensibilizaci\u00f3n<br \/>\nen materia de privacidad y protecci\u00f3n de la informaci\u00f3n es fundamental para<br \/>\nprevenir incidentes que puedan afectar tanto a personas usuarias como a<br \/>\nempresas y administraciones p\u00fablicas.<\/p>\n<p>De esta manera, contin\u00faa su apuesta por la capacitaci\u00f3n tecnol\u00f3gica de la ciudadan\u00eda con esta formaci\u00f3n, financiada por el Fondo de Desarrollo de Canarias (FDCAN). Las personas interesadas pueden ampliar informaci\u00f3n y formalizar su inscripci\u00f3n a trav\u00e9s de la p\u00e1gina web oficial del Cabildo de Fuerteventura, en la direcci\u00f3n www.cabildofuer.es, donde encontrar\u00e1n el formulario de registro y los detalles de horarios y lugar exacto de celebraci\u00f3n.<\/p>\n<\/div>\n","protected":false},"excerpt":{"rendered":"<p>4 diciembre, 2025 La formaci\u00f3n va dirigida a toda la poblaci\u00f3n para dar a conocer las competencias digitales y as\u00ed prevenir incidentes El Cabildo de Fuerteventura, a trav\u00e9s de la [&hellip;]<\/p>\n","protected":false},"author":1,"featured_media":15008,"comment_status":"open","ping_status":"open","sticky":false,"template":"","format":"standard","meta":{"inline_featured_image":false,"jnews-multi-image_gallery":[],"jnews_single_post":[],"jnews_primary_category":[],"jnews_social_meta":[],"jnews_override_counter":[],"jnews_post_split":[],"footnotes":""},"categories":[58],"tags":[82],"class_list":["post-15006","post","type-post","status-publish","format-standard","has-post-thumbnail","hentry","category-cabildo","tag-fuerteventura"],"jetpack_featured_media_url":"https:\/\/informacionlocal.es\/wp-content\/uploads\/2025\/12\/charlas-y-cursos-de-formacic393n-conecta-y-crece-digital-2025-2026-1.jpg","_links":{"self":[{"href":"https:\/\/informacionlocal.es\/it\/wp-json\/wp\/v2\/posts\/15006","targetHints":{"allow":["GET"]}}],"collection":[{"href":"https:\/\/informacionlocal.es\/it\/wp-json\/wp\/v2\/posts"}],"about":[{"href":"https:\/\/informacionlocal.es\/it\/wp-json\/wp\/v2\/types\/post"}],"author":[{"embeddable":true,"href":"https:\/\/informacionlocal.es\/it\/wp-json\/wp\/v2\/users\/1"}],"replies":[{"embeddable":true,"href":"https:\/\/informacionlocal.es\/it\/wp-json\/wp\/v2\/comments?post=15006"}],"version-history":[{"count":0,"href":"https:\/\/informacionlocal.es\/it\/wp-json\/wp\/v2\/posts\/15006\/revisions"}],"wp:featuredmedia":[{"embeddable":true,"href":"https:\/\/informacionlocal.es\/it\/wp-json\/wp\/v2\/media\/15008"}],"wp:attachment":[{"href":"https:\/\/informacionlocal.es\/it\/wp-json\/wp\/v2\/media?parent=15006"}],"wp:term":[{"taxonomy":"category","embeddable":true,"href":"https:\/\/informacionlocal.es\/it\/wp-json\/wp\/v2\/categories?post=15006"},{"taxonomy":"post_tag","embeddable":true,"href":"https:\/\/informacionlocal.es\/it\/wp-json\/wp\/v2\/tags?post=15006"}],"curies":[{"name":"wp","href":"https:\/\/api.w.org\/{rel}","templated":true}]}}