{"id":15000,"date":"2025-12-04T14:58:41","date_gmt":"2025-12-04T14:58:41","guid":{"rendered":"https:\/\/informacionlocal.es\/la-ampuyenta-recreara-la-historica-lucha-magna-de-1875-para-conmemorar-su-150-aniversario\/"},"modified":"2025-12-04T14:58:41","modified_gmt":"2025-12-04T14:58:41","slug":"la-ampuyenta-recreara-la-historica-lucha-magna-de-1875-para-conmemorar-su-150-aniversario","status":"publish","type":"post","link":"https:\/\/informacionlocal.es\/it\/la-ampuyenta-recreara-la-historica-lucha-magna-de-1875-para-conmemorar-su-150-aniversario\/","title":{"rendered":"La Ampuyenta recrear\u00e1 la hist\u00f3rica \u201cLucha Magna\u201d de 1875 para conmemorar su 150 Aniversario"},"content":{"rendered":"<div class=\"entry-content\">\n<p><span>50 luchadores con vestimenta tradicional de 1875 revivir\u00e1n el legendario enfrentamiento Norte-Sur el 14 de diciembre en La Ampuyenta.<\/span><\/p>\n<p>El Ayuntamiento de Puerto del Rosario, a trav\u00e9s de su Concejal\u00eda de Pueblos, Barrios y Patrimonio Hist\u00f3rico, y la C\u00e1tedra Universitaria Emilio Rivero Rodr\u00edguez de Lucha Canaria de la ULPGC, presentaron este jueves, 04 de diciembre, a las 12:00 horas en las Salas Consistoriales, todos los detalles de \u201cMagna Lucha. La Ampuyenta\u201d, la recreaci\u00f3n que conmemora el 150 aniversario de la legendaria luchada celebrada en ese pago en 1875.<\/p>\n<p>El acto de presentaci\u00f3n cont\u00f3 con la presencia del alcalde capitalino, David de Vera; el concejal de Pueblos, Barrios y Patrimonio Hist\u00f3rico, David de Le\u00f3n; y el director de la C\u00e1tedra, V\u00edctor Alonso.<\/p>\n<p>El <strong>alcalde, David de Vera,<\/strong> destac\u00f3 la importancia del evento \u201ccomo un acto de recuperaci\u00f3n de la memoria viva de nuestro pueblo. No se trata solo de un espect\u00e1culo deportivo, sino de un homenaje a nuestras ra\u00edces y a nuestros antepasados, reviviendo con rigor un cap\u00edtulo tan se\u00f1alado de nuestra historia insular. Es un honor para el municipio acoger el inicio de este ambicioso proyecto cultural\u201d.<\/p>\n<p>Por su parte, <strong>el concejal David de Le\u00f3n <\/strong>explic\u00f3 el compromiso de su \u00e1rea: \u201cdesde la Concejal\u00eda de Pueblos, Barrios y Patrimonio Hist\u00f3rico, nuestro objetivo es proteger y dinamizar nuestro legado. Esta \u2018Lucha Magna\u2019 es un ejemplo perfecto: llevamos un evento de gran calado al n\u00facleo rural de La Ampuyenta, su escenario original, para poner en valor nuestro patrimonio inmaterial y acercarlo a toda la ciudadan\u00eda. Es un proyecto que a\u00fana tradici\u00f3n, historia e identidad\u201d.<\/p>\n<p>V\u00edctor Alonso, director de la C\u00e1tedra Universitaria, subray\u00f3 la dimensi\u00f3n acad\u00e9mica y social: \u201cEsta recreaci\u00f3n es el fruto de una investigaci\u00f3n hist\u00f3rica rigurosa y del trabajo conjunto con las instituciones. Para la C\u00e1tedra, es fundamental saciar la historia viva del terrero, documentando y transmitiendo sus valores. Este evento es el pistoletazo de salida de un programa m\u00e1s amplio con el que pretendemos convertir la lucha canaria en un eje transversal de estudio y divulgaci\u00f3n de nuestra cultura\u201d.<\/p>\n<p>Un viaje en el tiempo a la tradici\u00f3n<\/p>\n<p>En la presentaci\u00f3n se exhibi\u00f3 la vestimenta tradicional confeccionada para la ocasi\u00f3n y se detall\u00f3 el programa completo del evento, cuyo cartel oficial, anuncia el hist\u00f3rico enfrentamiento Norte-Sur\u201d.<\/p>\n<p>El acto central, \u201cMagna. La Ampuyenta\u201d, tendr\u00e1 lugar el domingo, 14 de diciembre de 2025, a partir de las 12:00 horas, en el hist\u00f3rico lugar de la \u201cgavia de la lucha\u201d en La Ampuyenta. Cincuenta luchadores, ataviados con la indumentaria propia de la \u00e9poca, se dividir\u00e1n en los bandos Norte y Sur de Fuerteventura para revivir aquella luchada que congreg\u00f3 a los mejores bregadores de la isla. La recreaci\u00f3n respetar\u00e1 el ritual del siglo XIX, con los conjuntos dirigidos por los mandadores Carmelo Padilla del combinado Norte y Jorge \u00c1vila por el Sur.<\/p>\n<p>\u00a0<\/p>\n<p>\u00a0<\/p>\n<p>\u00a0<\/p>\n<p>\u00a0<\/p>\n<p>\u00a0<\/p>\n<p>\u00a0<\/p>\n<p>\u00a0<\/p>\n<p>\u00a0<\/p>\n<\/div>\n","protected":false},"excerpt":{"rendered":"<p>50 luchadores con vestimenta tradicional de 1875 revivir\u00e1n el legendario enfrentamiento Norte-Sur el 14 de diciembre en La Ampuyenta. El Ayuntamiento de Puerto del Rosario, a trav\u00e9s de su Concejal\u00eda [&hellip;]<\/p>\n","protected":false},"author":1,"featured_media":15002,"comment_status":"open","ping_status":"open","sticky":false,"template":"","format":"standard","meta":{"inline_featured_image":false,"jnews-multi-image_gallery":[],"jnews_single_post":[],"jnews_primary_category":[],"jnews_social_meta":[],"jnews_override_counter":[],"jnews_post_split":[],"footnotes":""},"categories":[61],"tags":[82],"class_list":["post-15000","post","type-post","status-publish","format-standard","has-post-thumbnail","hentry","category-puerto-del-rosario","tag-fuerteventura"],"jetpack_featured_media_url":"https:\/\/informacionlocal.es\/wp-content\/uploads\/2025\/12\/luchada-t-2-hca-mesa-autoridades.jpg","_links":{"self":[{"href":"https:\/\/informacionlocal.es\/it\/wp-json\/wp\/v2\/posts\/15000","targetHints":{"allow":["GET"]}}],"collection":[{"href":"https:\/\/informacionlocal.es\/it\/wp-json\/wp\/v2\/posts"}],"about":[{"href":"https:\/\/informacionlocal.es\/it\/wp-json\/wp\/v2\/types\/post"}],"author":[{"embeddable":true,"href":"https:\/\/informacionlocal.es\/it\/wp-json\/wp\/v2\/users\/1"}],"replies":[{"embeddable":true,"href":"https:\/\/informacionlocal.es\/it\/wp-json\/wp\/v2\/comments?post=15000"}],"version-history":[{"count":0,"href":"https:\/\/informacionlocal.es\/it\/wp-json\/wp\/v2\/posts\/15000\/revisions"}],"wp:featuredmedia":[{"embeddable":true,"href":"https:\/\/informacionlocal.es\/it\/wp-json\/wp\/v2\/media\/15002"}],"wp:attachment":[{"href":"https:\/\/informacionlocal.es\/it\/wp-json\/wp\/v2\/media?parent=15000"}],"wp:term":[{"taxonomy":"category","embeddable":true,"href":"https:\/\/informacionlocal.es\/it\/wp-json\/wp\/v2\/categories?post=15000"},{"taxonomy":"post_tag","embeddable":true,"href":"https:\/\/informacionlocal.es\/it\/wp-json\/wp\/v2\/tags?post=15000"}],"curies":[{"name":"wp","href":"https:\/\/api.w.org\/{rel}","templated":true}]}}