{"id":14976,"date":"2025-12-03T20:59:56","date_gmt":"2025-12-03T20:59:56","guid":{"rendered":"https:\/\/informacionlocal.es\/el-cabildo-promueve-la-sensibilizacion-e-inclusion-en-el-dia-mundial-de-las-personas-con-discapacidad\/"},"modified":"2025-12-03T20:59:56","modified_gmt":"2025-12-03T20:59:56","slug":"el-cabildo-promueve-la-sensibilizacion-e-inclusion-en-el-dia-mundial-de-las-personas-con-discapacidad","status":"publish","type":"post","link":"https:\/\/informacionlocal.es\/it\/el-cabildo-promueve-la-sensibilizacion-e-inclusion-en-el-dia-mundial-de-las-personas-con-discapacidad\/","title":{"rendered":"El Cabildo promueve la sensibilizaci\u00f3n e inclusi\u00f3n en el D\u00eda Mundial de las Personas con Discapacidad"},"content":{"rendered":"<div class=\"entry-content\"><strong>3 diciembre, 2025<\/strong><\/p>\n<p><strong><em>Familias, entidades y personas con discapacidad se re\u00fanen en una jornada dedicada a la sensibilizaci\u00f3n y al reconocimiento de sus capacidades<\/em><\/strong><\/p>\n<p>Asociaciones, familias y profesionales del \u00e1mbito de la discapacidad se reunieron hoy, 3 de diciembre, para conmemorar el D\u00eda Mundial de las Personas con Discapacidad, en una jornada organizada por el Cabildo de Fuerteventura, a trav\u00e9s del \u00e1rea de Acci\u00f3n Social, para promover la sensibilizaci\u00f3n y reconocer sus capacidades.<\/p>\n<p>La presidenta insular, Lola Garc\u00eda, expres\u00f3 que \u201cla diversidad no es un l\u00edmite, sino una oportunidad para conseguir una Fuerteventura m\u00e1s justa y m\u00e1s inclusiva para todas las personas. Lo que nos ayuda a seguir adelante es la ilusi\u00f3n de cada una de estas personas por su perseverancia y resiliencia\u201d. \u201cDesde la Corporaci\u00f3n insular se trabaja en base al diagn\u00f3stico de la discapacidad de Fuerteventura, contando con casi un centenar de plazas de atenci\u00f3n residencial, diurna y programas de alojamiento tutelado, y se seguir\u00e1n incrementando hasta cubrir todas las necesidades de las personas usuarias y familiares\u201d.<\/p>\n<p>Por su parte, el consejero de Acci\u00f3n Social, V\u00edctor Alonso, se\u00f1al\u00f3 que \u201cpara el Cabildo, trabajar por estas personas es una de nuestras prioridades. Por ello, seguimos poniendo infraestructuras en marcha, servicios como el de Rehabilitaci\u00f3n Psicosocial e incrementando plazas y recursos para todas estas personas, como la nueva Residencia Insular de Salud Mental que ya est\u00e1 construida\u201d.<\/p>\n<p>Estuvieron presentes, adem\u00e1s, otros consejeros y consejeras del Cabildo, representantes municipales, la directora insular de la Administraci\u00f3n General del Estado, Mar\u00eda Jes\u00fas de la Cruz, la senadora Paloma Hern\u00e1ndez, diputados parlamentarios, entre otras autoridades.<\/p>\n<p>La programaci\u00f3n dio inicio con la conferencia \u2018Apoyo Emocional\u2019, impartida por Susana G\u00f3mez de Plena Inclusi\u00f3n Canarias, que ofreci\u00f3 herramientas para acompa\u00f1ar de forma adecuada a personas con discapacidad y a sus entornos familiares, poniendo en valor la importancia del apoyo emocional como elemento clave para la inclusi\u00f3n.<\/p>\n<p>Seguidamente, distintas asociaciones del tercer sector, entre ellas FUNTEAC, ADIVIA y ADISFUER, compartieron su labor diaria y las vivencias que acompa\u00f1an su trabajo comunitario. Sus intervenciones permitieron mostrar la diversidad de necesidades, retos y avances que se viven en la isla en materia de discapacidad.<\/p>\n<p>Como cada a\u00f1o, se procedi\u00f3 a la lectura del manifiesto, que en esta edici\u00f3n estuvo a cargo de la Asociaci\u00f3n Paso a Paso del municipio de P\u00e1jara. Su intervenci\u00f3n acerc\u00f3 al p\u00fablico la realidad de muchas familias y la importancia de seguir potenciando entornos accesibles, igualitarios y pensados para la participaci\u00f3n plena. Paso a paso alz\u00f3 la voz \u201cpor las personas que tienen derecho a una isla plena y en igualdad de condiciones\u201d.<\/p>\n<p>Al cierre de la jornada lleg\u00f3 la actuaci\u00f3n de la Batucada del Taller de Musicoterapia, formada por personas con discapacidad de los Centros de D\u00eda del Cabildo y ADISFUER. El \u00faltimo acto puso el broche de oro a una jornada de reflexi\u00f3n, visibilizaci\u00f3n y celebraci\u00f3n de la diversidad.<\/p>\n<\/div>\n","protected":false},"excerpt":{"rendered":"<p>3 diciembre, 2025 Familias, entidades y personas con discapacidad se re\u00fanen en una jornada dedicada a la sensibilizaci\u00f3n y al reconocimiento de sus capacidades Asociaciones, familias y profesionales del \u00e1mbito [&hellip;]<\/p>\n","protected":false},"author":1,"featured_media":14978,"comment_status":"open","ping_status":"open","sticky":false,"template":"","format":"standard","meta":{"inline_featured_image":false,"jnews-multi-image_gallery":[],"jnews_single_post":[],"jnews_primary_category":[],"jnews_social_meta":[],"jnews_override_counter":[],"jnews_post_split":[],"footnotes":""},"categories":[58],"tags":[82],"class_list":["post-14976","post","type-post","status-publish","format-standard","has-post-thumbnail","hentry","category-cabildo","tag-fuerteventura"],"jetpack_featured_media_url":"https:\/\/informacionlocal.es\/wp-content\/uploads\/2025\/12\/1764771198-170d24a665afbd5629e80dae602804df.jpg","_links":{"self":[{"href":"https:\/\/informacionlocal.es\/it\/wp-json\/wp\/v2\/posts\/14976","targetHints":{"allow":["GET"]}}],"collection":[{"href":"https:\/\/informacionlocal.es\/it\/wp-json\/wp\/v2\/posts"}],"about":[{"href":"https:\/\/informacionlocal.es\/it\/wp-json\/wp\/v2\/types\/post"}],"author":[{"embeddable":true,"href":"https:\/\/informacionlocal.es\/it\/wp-json\/wp\/v2\/users\/1"}],"replies":[{"embeddable":true,"href":"https:\/\/informacionlocal.es\/it\/wp-json\/wp\/v2\/comments?post=14976"}],"version-history":[{"count":0,"href":"https:\/\/informacionlocal.es\/it\/wp-json\/wp\/v2\/posts\/14976\/revisions"}],"wp:featuredmedia":[{"embeddable":true,"href":"https:\/\/informacionlocal.es\/it\/wp-json\/wp\/v2\/media\/14978"}],"wp:attachment":[{"href":"https:\/\/informacionlocal.es\/it\/wp-json\/wp\/v2\/media?parent=14976"}],"wp:term":[{"taxonomy":"category","embeddable":true,"href":"https:\/\/informacionlocal.es\/it\/wp-json\/wp\/v2\/categories?post=14976"},{"taxonomy":"post_tag","embeddable":true,"href":"https:\/\/informacionlocal.es\/it\/wp-json\/wp\/v2\/tags?post=14976"}],"curies":[{"name":"wp","href":"https:\/\/api.w.org\/{rel}","templated":true}]}}