{"id":14970,"date":"2025-12-03T19:58:21","date_gmt":"2025-12-03T19:58:21","guid":{"rendered":"https:\/\/informacionlocal.es\/la-pelicula-playa-de-lobos-tendra-dos-pases-especiales-en-la-isla-gracias-a-fuerteventura-film-commission\/"},"modified":"2025-12-03T19:58:21","modified_gmt":"2025-12-03T19:58:21","slug":"la-pelicula-playa-de-lobos-tendra-dos-pases-especiales-en-la-isla-gracias-a-fuerteventura-film-commission","status":"publish","type":"post","link":"https:\/\/informacionlocal.es\/it\/la-pelicula-playa-de-lobos-tendra-dos-pases-especiales-en-la-isla-gracias-a-fuerteventura-film-commission\/","title":{"rendered":"\ufeffLa pel\u00edcula \u2018Playa de Lobos\u2019 tendr\u00e1 dos pases especiales en la isla gracias a Fuerteventura Film Commission"},"content":{"rendered":"<div class=\"entry-content\"><strong>3 diciembre, 2025<\/strong><\/p>\n<p>La pel\u00edcula\u00a0<em>Playa de Lobos<\/em>, \u00edntegramente rodada en Fuerteventura, llega a los cines de toda Espa\u00f1a. En la isla majorera, Fuerteventura Film Commission organiza dos pases especiales: el s\u00e1bado 13 y el domingo 14 de diciembre en los Cines Yelmo (Caleta de Fuste) a las 20.00 horas. La proyecci\u00f3n del s\u00e1bado contar\u00e1, adem\u00e1s, con un coloquio posterior con el director del film, Javier Veiga.<\/p>\n<p>Las entradas podr\u00e1n reservarse a partir del 10 de diciembre en la plataforma\u00a0www.ecoentradas.com<\/p>\n<p><em>Playa de Lobos\u00a0<\/em>es una comedia dirigida por Javier Veiga y cuenta con un reparto formado por nombres como Dani Rovira, Marta Hazas, Antonia San Juan y el propio Veiga.<\/p>\n<p>La pel\u00edcula fue grabada en los municipios de Antigua, P\u00e1jara, Puerto del Rosario, La Oliva y Betancuria, contando con 280 figurantes de Fuerteventura y dejando alrededor de un mill\u00f3n de euros de inversi\u00f3n en la Isla.<\/p>\n<p>El film tiene como escenario principal la Playa de la Guirra en Caleta de Fuste (Antigua), y se rod\u00f3, adem\u00e1s, en otros enclaves como a carretera de las Dunas de Corralejo y Puerto de Corralejo (La Oliva), la localidad de Betancuria, as\u00ed como en zonas privadas de Tef\u00eda y Costa Calma.<\/p>\n<p>La producci\u00f3n cont\u00f3 con asesoramiento y gesti\u00f3n de Fuerteventura Film Commission. Seg\u00fan la consejera, Nereida Calero, \u201ccon estos dos pases, queremos trasladar el potencial que tiene Fuerteventura para el sector audiovisual, que supone una gran oportunidad para atraer inversi\u00f3n y empleo\u201d.<\/p>\n<\/div>\n","protected":false},"excerpt":{"rendered":"<p>3 diciembre, 2025 La pel\u00edcula\u00a0Playa de Lobos, \u00edntegramente rodada en Fuerteventura, llega a los cines de toda Espa\u00f1a. En la isla majorera, Fuerteventura Film Commission organiza dos pases especiales: el [&hellip;]<\/p>\n","protected":false},"author":1,"featured_media":14972,"comment_status":"open","ping_status":"open","sticky":false,"template":"","format":"standard","meta":{"inline_featured_image":false,"jnews-multi-image_gallery":[],"jnews_single_post":[],"jnews_primary_category":[],"jnews_social_meta":[],"jnews_override_counter":[],"jnews_post_split":[],"footnotes":""},"categories":[58],"tags":[82,65],"class_list":["post-14970","post","type-post","status-publish","format-standard","has-post-thumbnail","hentry","category-cabildo","tag-fuerteventura","tag-municipios"],"jetpack_featured_media_url":"https:\/\/informacionlocal.es\/wp-content\/uploads\/2025\/12\/1764772873-b8952917a371629896709e734ccb2988.jpg","_links":{"self":[{"href":"https:\/\/informacionlocal.es\/it\/wp-json\/wp\/v2\/posts\/14970","targetHints":{"allow":["GET"]}}],"collection":[{"href":"https:\/\/informacionlocal.es\/it\/wp-json\/wp\/v2\/posts"}],"about":[{"href":"https:\/\/informacionlocal.es\/it\/wp-json\/wp\/v2\/types\/post"}],"author":[{"embeddable":true,"href":"https:\/\/informacionlocal.es\/it\/wp-json\/wp\/v2\/users\/1"}],"replies":[{"embeddable":true,"href":"https:\/\/informacionlocal.es\/it\/wp-json\/wp\/v2\/comments?post=14970"}],"version-history":[{"count":0,"href":"https:\/\/informacionlocal.es\/it\/wp-json\/wp\/v2\/posts\/14970\/revisions"}],"wp:featuredmedia":[{"embeddable":true,"href":"https:\/\/informacionlocal.es\/it\/wp-json\/wp\/v2\/media\/14972"}],"wp:attachment":[{"href":"https:\/\/informacionlocal.es\/it\/wp-json\/wp\/v2\/media?parent=14970"}],"wp:term":[{"taxonomy":"category","embeddable":true,"href":"https:\/\/informacionlocal.es\/it\/wp-json\/wp\/v2\/categories?post=14970"},{"taxonomy":"post_tag","embeddable":true,"href":"https:\/\/informacionlocal.es\/it\/wp-json\/wp\/v2\/tags?post=14970"}],"curies":[{"name":"wp","href":"https:\/\/api.w.org\/{rel}","templated":true}]}}