{"id":14910,"date":"2025-12-02T20:59:01","date_gmt":"2025-12-02T20:59:01","guid":{"rendered":"https:\/\/informacionlocal.es\/fuerte-nakama-puerto-el-gran-encuentro-otaku-y-gamer-llega-a-puerto-del-rosario\/"},"modified":"2025-12-02T20:59:01","modified_gmt":"2025-12-02T20:59:01","slug":"fuerte-nakama-puerto-el-gran-encuentro-otaku-y-gamer-llega-a-puerto-del-rosario","status":"publish","type":"post","link":"https:\/\/informacionlocal.es\/it\/fuerte-nakama-puerto-el-gran-encuentro-otaku-y-gamer-llega-a-puerto-del-rosario\/","title":{"rendered":"\u00abFuerte Nakama Puerto\u00bb: el gran encuentro otaku y gamer llega a Puerto del Rosario"},"content":{"rendered":"<div class=\"entry-content\">\n<div class=\"xdj266r x14z9mp xat24cr x1lziwak x1vvkbs x126k92a\">\n<div dir=\"auto\">La capital majorera recibe el evento \u00abFuerte Nakama Puerto\u00bb,\u00a0 que reunir\u00e1 a fans del manga, el anime, la cultura asi\u00e1tica y los videojuegos los pr\u00f3ximos 13 y 14 de diciembre, con entrada gratuita.<\/div>\n<\/div>\n<div class=\"x14z9mp xat24cr x1lziwak x1vvkbs xtlvy1s x126k92a\">\n<div dir=\"auto\">El Palacio de Formaci\u00f3n y Congresos de Fuerteventura ser\u00e1 el escenario donde la comunidad otaku y gamer podr\u00e1 disfrutar de un fin de semana repleto de actividades gratuitas<\/div>\n<\/div>\n<div class=\"x14z9mp xat24cr x1lziwak x1vvkbs xtlvy1s x126k92a\">\n<div dir=\"auto\">Organizado por Zukoabega Producciones, con el apoyo del Cabildo de Fuerteventura y el Ayuntamiento de Puerto del Rosario, este festival promete convertirse en una cita imprescindible para los amantes del universo asi\u00e1tico<\/div>\n<\/div>\n<div class=\"x14z9mp xat24cr x1lziwak x1vvkbs xtlvy1s x126k92a\">\n<div dir=\"auto\">El director art\u00edstico, Tenesor Cruz, destaca que el festival nace para celebrar \u201cel compa\u00f1erismo y la pasi\u00f3n por la cultura asi\u00e1tica\u201d, poniendo a la comunidad en el centro del evento.<\/div>\n<\/div>\n<div class=\"x14z9mp xat24cr x1lziwak x1vvkbs xtlvy1s x126k92a\">\n<div dir=\"auto\">Entre los invitados especiales destacan:<\/div>\n<div dir=\"auto\">Antonio Esquivias, voz ic\u00f3nica en Los Simpson y Frasier.<\/div>\n<div dir=\"auto\">Mireia L\u00f3pez Beltr\u00e1n, reconocida por su trabajo en Naruto Shipp\u016bden y Spy x Family.<\/div>\n<\/div>\n<div class=\"x14z9mp xat24cr x1lziwak x1vvkbs xtlvy1s x126k92a\">\n<div dir=\"auto\">Adem\u00e1s, el talento local tambi\u00e9n brillar\u00e1 con la participaci\u00f3n de:<\/div>\n<div dir=\"auto\">Guille Rancel<\/div>\n<div dir=\"auto\">Dibujante Nocturno<\/div>\n<div dir=\"auto\">Ambos impartir\u00e1n talleres y compartir\u00e1n su experiencia con los asistentes.<\/div>\n<\/div>\n<div class=\"x14z9mp xat24cr x1lziwak x1vvkbs xtlvy1s x126k92a\">\n<div dir=\"auto\">El p\u00fablico podr\u00e1 disfrutar de:<\/div>\n<\/div>\n<div class=\"x14z9mp xat24cr x1lziwak x1vvkbs xtlvy1s x126k92a\">\n<div dir=\"auto\">Zona gaming<\/div>\n<div dir=\"auto\">Concursos de K-pop<\/div>\n<div dir=\"auto\">Pasarelas y concursos cosplay<\/div>\n<div dir=\"auto\">Talleres de dibujo<\/div>\n<div dir=\"auto\">Tiendas y artist alley<\/div>\n<div dir=\"auto\">Exposici\u00f3n de espadas<\/div>\n<div dir=\"auto\">Charlas de manga y mucho m\u00e1s<\/div>\n<\/div>\n<div dir=\"auto\">El <strong>alcalde, David de Vera,<\/strong> destacaba que \u00abPuerto del Rosario, vuelve a acoger un evento, para todos los p\u00fablicos, donde se podr\u00e1 disfrutar, especialmente, del mundo de la tecnolog\u00eda y el manga que tanta aceptaci\u00f3n tiene, especialmente, entre los j\u00f3venes\u00bb<\/div>\n<div class=\"x14z9mp xat24cr x1lziwak x1vvkbs xtlvy1s x126k92a\">\n<div dir=\"auto\">La <strong>consejera de Nuevas Tecnolog\u00edas, Carmen Alonso,<\/strong> afirm\u00f3 que \u201cestos encuentros fomentan creatividad, comunidad y oportunidades para nuestra juventud\u201d .<\/div>\n<\/div>\n<div class=\"x14z9mp xat24cr x1lziwak x1vvkbs xtlvy1s x126k92a\">\n<div dir=\"auto\">Por su parte, <strong>Jenifer P\u00e9rez, concejala de Juventud,<\/strong> subray\u00f3 que \u201cla programaci\u00f3n es exactamente lo que los j\u00f3venes estaban esperando: anime, manga y tecnolog\u00eda\u201d. Anim\u00f3 a toda la poblaci\u00f3n a disfrutar de las actividades \u201cabiertas y totalmente gratuitas\u201d<\/div>\n<\/div>\n<\/div>\n","protected":false},"excerpt":{"rendered":"<p>La capital majorera recibe el evento \u00abFuerte Nakama Puerto\u00bb,\u00a0 que reunir\u00e1 a fans del manga, el anime, la cultura asi\u00e1tica y los videojuegos los pr\u00f3ximos 13 y 14 de diciembre, [&hellip;]<\/p>\n","protected":false},"author":1,"featured_media":14912,"comment_status":"open","ping_status":"open","sticky":false,"template":"","format":"standard","meta":{"inline_featured_image":false,"jnews-multi-image_gallery":[],"jnews_single_post":[],"jnews_primary_category":[],"jnews_social_meta":[],"jnews_override_counter":[],"jnews_post_split":[],"footnotes":""},"categories":[61],"tags":[82],"class_list":["post-14910","post","type-post","status-publish","format-standard","has-post-thumbnail","hentry","category-puerto-del-rosario","tag-fuerteventura"],"jetpack_featured_media_url":"https:\/\/informacionlocal.es\/wp-content\/uploads\/2025\/12\/manga-25-t-2-jeni-y-consejera-cartel-con-pollo-scaled-1.jpg","_links":{"self":[{"href":"https:\/\/informacionlocal.es\/it\/wp-json\/wp\/v2\/posts\/14910","targetHints":{"allow":["GET"]}}],"collection":[{"href":"https:\/\/informacionlocal.es\/it\/wp-json\/wp\/v2\/posts"}],"about":[{"href":"https:\/\/informacionlocal.es\/it\/wp-json\/wp\/v2\/types\/post"}],"author":[{"embeddable":true,"href":"https:\/\/informacionlocal.es\/it\/wp-json\/wp\/v2\/users\/1"}],"replies":[{"embeddable":true,"href":"https:\/\/informacionlocal.es\/it\/wp-json\/wp\/v2\/comments?post=14910"}],"version-history":[{"count":0,"href":"https:\/\/informacionlocal.es\/it\/wp-json\/wp\/v2\/posts\/14910\/revisions"}],"wp:featuredmedia":[{"embeddable":true,"href":"https:\/\/informacionlocal.es\/it\/wp-json\/wp\/v2\/media\/14912"}],"wp:attachment":[{"href":"https:\/\/informacionlocal.es\/it\/wp-json\/wp\/v2\/media?parent=14910"}],"wp:term":[{"taxonomy":"category","embeddable":true,"href":"https:\/\/informacionlocal.es\/it\/wp-json\/wp\/v2\/categories?post=14910"},{"taxonomy":"post_tag","embeddable":true,"href":"https:\/\/informacionlocal.es\/it\/wp-json\/wp\/v2\/tags?post=14910"}],"curies":[{"name":"wp","href":"https:\/\/api.w.org\/{rel}","templated":true}]}}