{"id":14892,"date":"2025-12-02T15:58:28","date_gmt":"2025-12-02T15:58:28","guid":{"rendered":"https:\/\/informacionlocal.es\/lola-garcia-respalda-al-sector-pesquero-y-exige-la-retirada-inmediata-del-proyecto-de-cerco-industrial-aprobado-en-iccat\/"},"modified":"2025-12-02T15:58:28","modified_gmt":"2025-12-02T15:58:28","slug":"lola-garcia-respalda-al-sector-pesquero-y-exige-la-retirada-inmediata-del-proyecto-de-cerco-industrial-aprobado-en-iccat","status":"publish","type":"post","link":"https:\/\/informacionlocal.es\/it\/lola-garcia-respalda-al-sector-pesquero-y-exige-la-retirada-inmediata-del-proyecto-de-cerco-industrial-aprobado-en-iccat\/","title":{"rendered":"Lola Garc\u00eda respalda al sector pesquero y exige la retirada inmediata del proyecto de cerco industrial aprobado en ICCAT"},"content":{"rendered":"<div class=\"entry-content\"><strong>2 diciembre, 2025<\/strong><\/p>\n<p>La presidenta del Cabildo ha expresado hoy su apoyo absoluto al sector pesquero canario, que ha mostrado un rechazo un\u00e1nime al plan experimental de cerco industrial aprobado en ICCAT (Comisi\u00f3n Internacional para la Conservaci\u00f3n del At\u00fan Atl\u00e1ntico), tal y como denunciaron las federaciones de cofrad\u00edas del Archipi\u00e9lago a trav\u00e9s de un comunicado.<\/p>\n<p>La presidenta considera \u201cinaceptable\u201d que esta propuesta fuera presentada por la Secretar\u00eda General de Pesca del Gobierno de Espa\u00f1a sin consultar ni al sector ni a las instituciones canarias, pese al impacto directo sobre los caladeros, los pescadores y la actividad econ\u00f3mica local.<\/p>\n<p>Asimismo, alert\u00f3 de que la introducci\u00f3n del cerco industrial supondr\u00eda \u201cuna amenaza grave para la flota artesanal canaria\u201d, un modelo de pesca sostenible y tradicional que ha demostrado ser respetuoso con el ecosistema marino.<\/p>\n<p>En relaci\u00f3n con el impacto ambiental, la presidenta subray\u00f3 que las aguas canarias son uno de los enclaves m\u00e1s ricos del mundo por su biodiversidad, por lo que \u201cpermitir el cerco industrial en un entorno tan sensible podr\u00eda causar da\u00f1os irreparables, especialmente a los delfines que acompa\u00f1an a los bancos de at\u00fan\u201d, afirm\u00f3.<\/p>\n<p>Por todo ello, la presidenta exige al Gobierno de Espa\u00f1a que retire de inmediato el proyecto defendido en ICCAT y garantice que ninguna decisi\u00f3n estrat\u00e9gica sobre la pesca en Canarias vuelva a adoptarse sin contar con el sector pesquero y sin contar con las Instituciones Canarias.<\/p>\n<\/div>\n","protected":false},"excerpt":{"rendered":"<p>2 diciembre, 2025 La presidenta del Cabildo ha expresado hoy su apoyo absoluto al sector pesquero canario, que ha mostrado un rechazo un\u00e1nime al plan experimental de cerco industrial aprobado [&hellip;]<\/p>\n","protected":false},"author":1,"featured_media":14894,"comment_status":"open","ping_status":"open","sticky":false,"template":"","format":"standard","meta":{"inline_featured_image":false,"jnews-multi-image_gallery":[],"jnews_single_post":[],"jnews_primary_category":[],"jnews_social_meta":[],"jnews_override_counter":[],"jnews_post_split":[],"footnotes":""},"categories":[58],"tags":[],"class_list":["post-14892","post","type-post","status-publish","format-standard","has-post-thumbnail","hentry","category-cabildo"],"jetpack_featured_media_url":"https:\/\/informacionlocal.es\/wp-content\/uploads\/2025\/12\/lola-garcc3ada-escrito-1.jpeg","_links":{"self":[{"href":"https:\/\/informacionlocal.es\/it\/wp-json\/wp\/v2\/posts\/14892","targetHints":{"allow":["GET"]}}],"collection":[{"href":"https:\/\/informacionlocal.es\/it\/wp-json\/wp\/v2\/posts"}],"about":[{"href":"https:\/\/informacionlocal.es\/it\/wp-json\/wp\/v2\/types\/post"}],"author":[{"embeddable":true,"href":"https:\/\/informacionlocal.es\/it\/wp-json\/wp\/v2\/users\/1"}],"replies":[{"embeddable":true,"href":"https:\/\/informacionlocal.es\/it\/wp-json\/wp\/v2\/comments?post=14892"}],"version-history":[{"count":0,"href":"https:\/\/informacionlocal.es\/it\/wp-json\/wp\/v2\/posts\/14892\/revisions"}],"wp:featuredmedia":[{"embeddable":true,"href":"https:\/\/informacionlocal.es\/it\/wp-json\/wp\/v2\/media\/14894"}],"wp:attachment":[{"href":"https:\/\/informacionlocal.es\/it\/wp-json\/wp\/v2\/media?parent=14892"}],"wp:term":[{"taxonomy":"category","embeddable":true,"href":"https:\/\/informacionlocal.es\/it\/wp-json\/wp\/v2\/categories?post=14892"},{"taxonomy":"post_tag","embeddable":true,"href":"https:\/\/informacionlocal.es\/it\/wp-json\/wp\/v2\/tags?post=14892"}],"curies":[{"name":"wp","href":"https:\/\/api.w.org\/{rel}","templated":true}]}}