{"id":14880,"date":"2025-12-02T13:58:36","date_gmt":"2025-12-02T13:58:36","guid":{"rendered":"https:\/\/informacionlocal.es\/el-ayuntamiento-de-puerto-del-rosario-impulsa-una-campana-integral-de-limpieza-del-litoral\/"},"modified":"2025-12-02T13:58:36","modified_gmt":"2025-12-02T13:58:36","slug":"el-ayuntamiento-de-puerto-del-rosario-impulsa-una-campana-integral-de-limpieza-del-litoral","status":"publish","type":"post","link":"https:\/\/informacionlocal.es\/it\/el-ayuntamiento-de-puerto-del-rosario-impulsa-una-campana-integral-de-limpieza-del-litoral\/","title":{"rendered":"El Ayuntamiento de Puerto del Rosario impulsa una campa\u00f1a integral de limpieza del litoral"},"content":{"rendered":"<div class=\"entry-content\">\n<p>El Ayuntamiento de Puerto del Rosario, a trav\u00e9s del \u00e1rea de Playas, ha puesto en marcha una campa\u00f1a integral de limpieza del litoral con el objetivo de recuperar diversos espacios costeros afectados por la acumulaci\u00f3n de residuos y mejorar su estado para el uso p\u00fablico. Las zonas previstas presentan distintos tipos de contaminaci\u00f3n, pl\u00e1sticos, metales, maderas, papeles y otros desechos, que alteran el entorno natural y limitan su utilizaci\u00f3n recreativa.<\/p>\n<p>La intervenci\u00f3n abarca diferentes enclaves del municipio, entre ellos la playa de Jarugo, Los Molinos, la playa de Caletillas, zona de El Parador, El Charco y Puerto Lajas, donde se actuar\u00e1 de manera progresiva hasta completar el conjunto del litoral incluido en esta campa\u00f1a.<\/p>\n<p>El <strong>alcalde de Puerto del Rosario, David de Vera,<\/strong> se\u00f1al\u00f3 que \u201cla protecci\u00f3n de nuestro litoral es una prioridad. Esta actuaci\u00f3n no solo mejora nuestros espacios costeros, sino que refuerza nuestro compromiso con un municipio m\u00e1s sostenible, cuidado y consciente del valor de su entorno natural\u201d.<\/p>\n<p>La <strong>concejala de Playas, To\u00f1i Fern\u00e1ndez Arag\u00f3n,<\/strong> destac\u00f3 que \u201cla acumulaci\u00f3n de residuos en la costa afecta al h\u00e1bitat y al disfrute de la ciudadan\u00eda. Con esta campa\u00f1a abordamos una intervenci\u00f3n necesaria y continuada para recuperar estas zonas y mantenerlas en condiciones \u00f3ptimas para vecinos y visitantes. Adem\u00e1s, debemos ser m\u00e1s responsables y cuidadosos con nuestros entornos naturales, porque su protecci\u00f3n depende tambi\u00e9n del compromiso de todos\u201d.<\/p>\n<p>El Ayuntamiento mantiene as\u00ed su apuesta por la conservaci\u00f3n del medio marino y la mejora del entorno natural del municipio.<\/p>\n<\/div>\n","protected":false},"excerpt":{"rendered":"<p>El Ayuntamiento de Puerto del Rosario, a trav\u00e9s del \u00e1rea de Playas, ha puesto en marcha una campa\u00f1a integral de limpieza del litoral con el objetivo de recuperar diversos espacios [&hellip;]<\/p>\n","protected":false},"author":1,"featured_media":14882,"comment_status":"open","ping_status":"open","sticky":false,"template":"","format":"standard","meta":{"inline_featured_image":false,"jnews-multi-image_gallery":[],"jnews_single_post":[],"jnews_primary_category":[],"jnews_social_meta":[],"jnews_override_counter":[],"jnews_post_split":[],"footnotes":""},"categories":[61],"tags":[],"class_list":["post-14880","post","type-post","status-publish","format-standard","has-post-thumbnail","hentry","category-puerto-del-rosario"],"jetpack_featured_media_url":"https:\/\/informacionlocal.es\/wp-content\/uploads\/2025\/12\/litoral-t-2-25-ppal.jpg","_links":{"self":[{"href":"https:\/\/informacionlocal.es\/it\/wp-json\/wp\/v2\/posts\/14880","targetHints":{"allow":["GET"]}}],"collection":[{"href":"https:\/\/informacionlocal.es\/it\/wp-json\/wp\/v2\/posts"}],"about":[{"href":"https:\/\/informacionlocal.es\/it\/wp-json\/wp\/v2\/types\/post"}],"author":[{"embeddable":true,"href":"https:\/\/informacionlocal.es\/it\/wp-json\/wp\/v2\/users\/1"}],"replies":[{"embeddable":true,"href":"https:\/\/informacionlocal.es\/it\/wp-json\/wp\/v2\/comments?post=14880"}],"version-history":[{"count":0,"href":"https:\/\/informacionlocal.es\/it\/wp-json\/wp\/v2\/posts\/14880\/revisions"}],"wp:featuredmedia":[{"embeddable":true,"href":"https:\/\/informacionlocal.es\/it\/wp-json\/wp\/v2\/media\/14882"}],"wp:attachment":[{"href":"https:\/\/informacionlocal.es\/it\/wp-json\/wp\/v2\/media?parent=14880"}],"wp:term":[{"taxonomy":"category","embeddable":true,"href":"https:\/\/informacionlocal.es\/it\/wp-json\/wp\/v2\/categories?post=14880"},{"taxonomy":"post_tag","embeddable":true,"href":"https:\/\/informacionlocal.es\/it\/wp-json\/wp\/v2\/tags?post=14880"}],"curies":[{"name":"wp","href":"https:\/\/api.w.org\/{rel}","templated":true}]}}