{"id":14862,"date":"2025-12-01T19:58:27","date_gmt":"2025-12-01T19:58:27","guid":{"rendered":"https:\/\/informacionlocal.es\/la-sede-electronica-del-ayuntamiento-de-la-oliva-permanecera-cerrada-por-mejoras-del-5-al-7-de-diciembre-como-fecha-maxima\/"},"modified":"2025-12-01T19:58:27","modified_gmt":"2025-12-01T19:58:27","slug":"la-sede-electronica-del-ayuntamiento-de-la-oliva-permanecera-cerrada-por-mejoras-del-5-al-7-de-diciembre-como-fecha-maxima","status":"publish","type":"post","link":"https:\/\/informacionlocal.es\/it\/la-sede-electronica-del-ayuntamiento-de-la-oliva-permanecera-cerrada-por-mejoras-del-5-al-7-de-diciembre-como-fecha-maxima\/","title":{"rendered":"La Sede Electr\u00f3nica del Ayuntamiento de La Oliva permanecer\u00e1 cerrada por mejoras del 5 al 7 de diciembre como fecha m\u00e1xima"},"content":{"rendered":"<p>El departamento de Nuevas Tecnolog\u00edas del Ayuntamiento de La Oliva informa la mejora de los servicios ofrecidos en la sede electr\u00f3nica de la Administraci\u00f3n municipal con el fin de sustituir de forma integral la red troncal del CPD. En consecuencia, el sistema permanecer\u00e1 cerrado del 5 de diciembre a las 22:00 horas hasta el 7 de diciembre a las 22:00 horas, aunque tiene como previsi\u00f3n de finalizaci\u00f3n en 48 horas de forma aproximada. <\/p>\n<p>Dada la entidad de la actuaci\u00f3n, durante la ventana de mantenimiento, se producir\u00e1 una interrupci\u00f3n total y temporal de los servicios alojados en la plataforma, incluyendo, sedes electr\u00f3nicas y Plataformas internas de gesti\u00f3n. <\/p>\n<p>En este sentido, Nuevas Tecnolog\u00edas recomienda planificar las gestiones que tengan que llevarse a cabo durante esta parada. En el caso de urgencia, se recomienda presentar los registros desde el Cabildo de Fuerteventura o en el punto de acceso general a la Administraci\u00f3n P\u00fablica mediante ventanilla \u00fanica.<\/p>\n","protected":false},"excerpt":{"rendered":"<p><span>El objetivo es mejorar los servicios digitales del Consistorio a trav\u00e9s de la estrategia de modernizaci\u00f3n con el fin de estar preparados para los desaf\u00edos tecnol\u00f3gicos futuros<\/span><\/p>\n","protected":false},"author":1,"featured_media":14864,"comment_status":"open","ping_status":"open","sticky":false,"template":"","format":"standard","meta":{"inline_featured_image":false,"jnews-multi-image_gallery":[],"jnews_single_post":[],"jnews_primary_category":[],"jnews_social_meta":[],"jnews_override_counter":[],"jnews_post_split":[],"footnotes":""},"categories":[62],"tags":[82],"class_list":["post-14862","post","type-post","status-publish","format-standard","has-post-thumbnail","hentry","category-la-oliva","tag-fuerteventura"],"jetpack_featured_media_url":"https:\/\/informacionlocal.es\/wp-content\/uploads\/2025\/12\/5279_f374bddf.png","_links":{"self":[{"href":"https:\/\/informacionlocal.es\/it\/wp-json\/wp\/v2\/posts\/14862","targetHints":{"allow":["GET"]}}],"collection":[{"href":"https:\/\/informacionlocal.es\/it\/wp-json\/wp\/v2\/posts"}],"about":[{"href":"https:\/\/informacionlocal.es\/it\/wp-json\/wp\/v2\/types\/post"}],"author":[{"embeddable":true,"href":"https:\/\/informacionlocal.es\/it\/wp-json\/wp\/v2\/users\/1"}],"replies":[{"embeddable":true,"href":"https:\/\/informacionlocal.es\/it\/wp-json\/wp\/v2\/comments?post=14862"}],"version-history":[{"count":0,"href":"https:\/\/informacionlocal.es\/it\/wp-json\/wp\/v2\/posts\/14862\/revisions"}],"wp:featuredmedia":[{"embeddable":true,"href":"https:\/\/informacionlocal.es\/it\/wp-json\/wp\/v2\/media\/14864"}],"wp:attachment":[{"href":"https:\/\/informacionlocal.es\/it\/wp-json\/wp\/v2\/media?parent=14862"}],"wp:term":[{"taxonomy":"category","embeddable":true,"href":"https:\/\/informacionlocal.es\/it\/wp-json\/wp\/v2\/categories?post=14862"},{"taxonomy":"post_tag","embeddable":true,"href":"https:\/\/informacionlocal.es\/it\/wp-json\/wp\/v2\/tags?post=14862"}],"curies":[{"name":"wp","href":"https:\/\/api.w.org\/{rel}","templated":true}]}}