{"id":14856,"date":"2025-12-01T18:58:31","date_gmt":"2025-12-01T18:58:31","guid":{"rendered":"https:\/\/informacionlocal.es\/el-ayuntamiento-de-antigua-lleva-las-luces-de-navidad-a-cada-pueblo-del-municipio\/"},"modified":"2025-12-01T18:58:31","modified_gmt":"2025-12-01T18:58:31","slug":"el-ayuntamiento-de-antigua-lleva-las-luces-de-navidad-a-cada-pueblo-del-municipio","status":"publish","type":"post","link":"https:\/\/informacionlocal.es\/it\/el-ayuntamiento-de-antigua-lleva-las-luces-de-navidad-a-cada-pueblo-del-municipio\/","title":{"rendered":"El Ayuntamiento de Antigua lleva las luces de Navidad a cada pueblo del Municipio"},"content":{"rendered":"<div class=\"elementor-widget-container\">\n<p><strong>El Ayuntamiento de Antigua lleva las luces de Navidad a cada pueblo del Municipio<\/strong><\/p>\n<p><strong>\u2022 Este domingo 30 de noviembre, alcalde y concejal de Comercio procedieron al encendido de las Luces navide\u00f1as en Antigua y Caleta de Fuste. <\/strong><br \/><strong>\u2022 El Ayuntamiento de Antigua desde la concejal\u00eda de \u00e1rea destina 60.000 euros al alquiler de adornos e iluminaci\u00f3n navide\u00f1a, y 20.000 euros a la compra en propiedad de elementos ornamentales.<\/strong><\/p>\n<p>Este domingo 30 de noviembre por la noche, el alcalde, Mat\u00edas Pe\u00f1a Garc\u00eda y el concejal de Comercio, Giuseppe Signorino, procedieron al encendido de luces navide\u00f1as en la plaza de Antigua y Caleta de Fuste.<\/p>\n<p>Unas luces navide\u00f1as y elementos ornamentales propios de estas fechas que se extender\u00e1n durante esta semana a todas las localidades o pueblos del Municipio, afirma el alcalde, con el fin que en las calles y plazas, vecinos, vecinas y familias, todos juntos disfrutemos por igual de un ambiente entra\u00f1able, que a todos nos trae buenos recuerdos y nos una m\u00e1s, si cabe, a la hora de ser solidario o comprometido con los nuestros y nuestros vecinos.<\/p>\n<p>Con esta finalidad, a\u00f1ade el concejal, desde Comercio invertimos 60.000 euros en el alquiler de luces y elementos decorativos navide\u00f1os, con el fin de ser sustituidos por elementos nuevos e igual de brillantes en pr\u00f3ximos a\u00f1os, permitiendo adem\u00e1s su sustituci\u00f3n en caso de deterioro. Y de forma complementaria, a\u00f1ade el concejal Signorino, tambi\u00e9n adquirimos con 20.000 euros material en propiedad de elementos ornamentales navide\u00f1os que sorprender\u00e1n en estas fiestas y podremos disfrutar en pr\u00f3ximos a\u00f1os.<\/p>\n<p>La plaza de Antigua luce un \u00e1rbol gigante junto a un Belen iluminado, y un parque de palmeras brillantes de luces, junto a un espectacular molino de aspas en el que las familias pueden entrar en su interior y fotografiarse. Tampoco falt\u00f3 en la Noche del encendido el primer mercadillo navide\u00f1o con adornos y regalos sorpresa en cada puesto.<\/p>\n<p>Un elfo gigante, completamente iluminado y sonriente, protagoniza la plaza de El Castillo en Caleta de Fuste, junto a un palmeral iluminado, cubos brillantes y m\u00e1s elementos que esta semana se dispondr\u00e1n tambi\u00e9n. Una noche de Encendido de luces navide\u00f1as en la que no falt\u00f3 el acompa\u00f1amiento musical de conocidos temas cantados en vivo por el d\u00fao N\u00e9stor Garc\u00eda y Bernab\u00e9 Ortega.<\/p>\n<\/div>\n","protected":false},"excerpt":{"rendered":"<p><strong>El Ayuntamiento de Antigua lleva las luces de Navidad a cada pueblo del Municipio<\/strong><\/p>\n","protected":false},"author":1,"featured_media":14858,"comment_status":"open","ping_status":"open","sticky":false,"template":"","format":"standard","meta":{"inline_featured_image":false,"jnews-multi-image_gallery":[],"jnews_single_post":[],"jnews_primary_category":[],"jnews_social_meta":[],"jnews_override_counter":[],"jnews_post_split":[],"footnotes":""},"categories":[59],"tags":[],"class_list":["post-14856","post","type-post","status-publish","format-standard","has-post-thumbnail","hentry","category-antigua"],"jetpack_featured_media_url":"https:\/\/informacionlocal.es\/wp-content\/uploads\/2025\/12\/00-encendido-luces-de-navidad-en-antigua-y-caleta-de-fuste-6-scaled-1.jpg","_links":{"self":[{"href":"https:\/\/informacionlocal.es\/it\/wp-json\/wp\/v2\/posts\/14856","targetHints":{"allow":["GET"]}}],"collection":[{"href":"https:\/\/informacionlocal.es\/it\/wp-json\/wp\/v2\/posts"}],"about":[{"href":"https:\/\/informacionlocal.es\/it\/wp-json\/wp\/v2\/types\/post"}],"author":[{"embeddable":true,"href":"https:\/\/informacionlocal.es\/it\/wp-json\/wp\/v2\/users\/1"}],"replies":[{"embeddable":true,"href":"https:\/\/informacionlocal.es\/it\/wp-json\/wp\/v2\/comments?post=14856"}],"version-history":[{"count":0,"href":"https:\/\/informacionlocal.es\/it\/wp-json\/wp\/v2\/posts\/14856\/revisions"}],"wp:featuredmedia":[{"embeddable":true,"href":"https:\/\/informacionlocal.es\/it\/wp-json\/wp\/v2\/media\/14858"}],"wp:attachment":[{"href":"https:\/\/informacionlocal.es\/it\/wp-json\/wp\/v2\/media?parent=14856"}],"wp:term":[{"taxonomy":"category","embeddable":true,"href":"https:\/\/informacionlocal.es\/it\/wp-json\/wp\/v2\/categories?post=14856"},{"taxonomy":"post_tag","embeddable":true,"href":"https:\/\/informacionlocal.es\/it\/wp-json\/wp\/v2\/tags?post=14856"}],"curies":[{"name":"wp","href":"https:\/\/api.w.org\/{rel}","templated":true}]}}