{"id":14832,"date":"2025-12-01T14:59:02","date_gmt":"2025-12-01T14:59:02","guid":{"rendered":"https:\/\/informacionlocal.es\/policia-local-medio-ambiente-y-limpieza-lanzan-una-campana-sobre-el-buen-uso-de-la-ordenanza-municipal-de-residuos\/"},"modified":"2025-12-01T14:59:02","modified_gmt":"2025-12-01T14:59:02","slug":"policia-local-medio-ambiente-y-limpieza-lanzan-una-campana-sobre-el-buen-uso-de-la-ordenanza-municipal-de-residuos","status":"publish","type":"post","link":"https:\/\/informacionlocal.es\/it\/policia-local-medio-ambiente-y-limpieza-lanzan-una-campana-sobre-el-buen-uso-de-la-ordenanza-municipal-de-residuos\/","title":{"rendered":"Polic\u00eda Local, Medio Ambiente y Limpieza lanzan una campa\u00f1a sobre el buen uso de la ordenanza municipal de residuos"},"content":{"rendered":"<p>El Ayuntamiento de La Oliva, a trav\u00e9s de la Polic\u00eda Local, Medio Ambiente y Limpieza, lanza una campa\u00f1a informativa que pretende concienciar sobre la ordenanza municipal de residuos a la ciudadan\u00eda del municipio. As\u00ed pues, la Unidad de Medio Ambiente de la Polic\u00eda Local, en coordinaci\u00f3n con las Concejal\u00edas de Medio Ambiente, que gestiona David Fajardo, y la Concejal\u00eda de Limpieza, que dirige Rub\u00e9n Gonz\u00e1lez, dan a conocer los diferentes puntos sobre deberes y prohibiciones que contempla esta ordenanza con el fin de mantener el municipio cuidado y limpio. <\/p>\n<p>En este sentido, se informa sobre la prohibici\u00f3n de dejar basura en la v\u00eda p\u00fablica, debiendo depositar los residuos siempre dentro del contenedor correspondiente: cart\u00f3n, vidrio, envases, org\u00e1nico, etc. Adem\u00e1s, los establecimientos deben cumplir con las normas de gesti\u00f3n y traslado de residuos, incluidos los aceites usados y la basura debe transportarse desde el local hasta el punto limpio en contenedores estancos, evitando derrames o vertidos en la v\u00eda p\u00fablica durante su traslado. <\/p>\n<p>Cabe se\u00f1alar tambi\u00e9n, la necesidad de respetar el horario autorizado para sacar la basura, que var\u00eda seg\u00fan la \u00e9poca del a\u00f1o. Teniendo esto en cuenta, del 1 de abril al 30 de septiembre el horario es de 21:00 a 02:00 horas, mientras que del 1 de octubre al 31 de marzo la franja horaria es de 20:00 a 02:00 horas. <\/p>\n<p>El alcalde de La Oliva, Isa\u00ed Blanco, pone de manifiesto: \u201cEl objetivo de la campa\u00f1a no es otro que los vecinos y vecinas del municipio contribuyan a mantener nuestro municipio limpio. El cuidado de nuestro entorno es una responsabilidad de todos y todas.\u201d <\/p>\n<p>Por su parte, el concejal de Limpieza, Rub\u00e9n Gonz\u00e1lez, se\u00f1ala: \u201cDesde el Ayuntamiento consideramos necesario seguir trabajando para recordar los deberes que impone la ordenanza municipal en lo que se refiere a la correcta gesti\u00f3n de residuos, consiguiendo cuidar la limpieza de nuestras calles y otros espacios p\u00fablicos.\u201d <\/p>\n<p>El concejal de Medio Ambiente, David Fajardo, destaca: \u201cLa campa\u00f1a que se realiza en coordinaci\u00f3n con la UMA, se centra en informar a la ciudadan\u00eda sobre estas normas para concienciar que la limpieza y cuidado del entorno es una responsabilidad compartida. As\u00ed pues, la Polic\u00eda Local ya se encuentra sancionando a quienes incumplen esta normativa municipal.\u201d <\/p>\n<p>Para m\u00e1s informaci\u00f3n, p\u00f3ngase en contacto con la Unidad de Medio Ambiente de La Polic\u00eda Local (UMA) llamando al 928 866 107.<\/p>\n","protected":false},"excerpt":{"rendered":"<p><span>El objetivo es informar a vecinos, vecinas y comercios del municipio sobre la debida gesti\u00f3n de los residuos y mantener as\u00ed, los espacios p\u00fablicos cuidados y limpios<\/span><\/p>\n","protected":false},"author":1,"featured_media":14834,"comment_status":"open","ping_status":"open","sticky":false,"template":"","format":"standard","meta":{"inline_featured_image":false,"jnews-multi-image_gallery":[],"jnews_single_post":[],"jnews_primary_category":[],"jnews_social_meta":[],"jnews_override_counter":[],"jnews_post_split":[],"footnotes":""},"categories":[62],"tags":[76],"class_list":["post-14832","post","type-post","status-publish","format-standard","has-post-thumbnail","hentry","category-la-oliva","tag-medio-ambiente"],"jetpack_featured_media_url":"https:\/\/informacionlocal.es\/wp-content\/uploads\/2025\/12\/5278_bac4159a.png","_links":{"self":[{"href":"https:\/\/informacionlocal.es\/it\/wp-json\/wp\/v2\/posts\/14832","targetHints":{"allow":["GET"]}}],"collection":[{"href":"https:\/\/informacionlocal.es\/it\/wp-json\/wp\/v2\/posts"}],"about":[{"href":"https:\/\/informacionlocal.es\/it\/wp-json\/wp\/v2\/types\/post"}],"author":[{"embeddable":true,"href":"https:\/\/informacionlocal.es\/it\/wp-json\/wp\/v2\/users\/1"}],"replies":[{"embeddable":true,"href":"https:\/\/informacionlocal.es\/it\/wp-json\/wp\/v2\/comments?post=14832"}],"version-history":[{"count":0,"href":"https:\/\/informacionlocal.es\/it\/wp-json\/wp\/v2\/posts\/14832\/revisions"}],"wp:featuredmedia":[{"embeddable":true,"href":"https:\/\/informacionlocal.es\/it\/wp-json\/wp\/v2\/media\/14834"}],"wp:attachment":[{"href":"https:\/\/informacionlocal.es\/it\/wp-json\/wp\/v2\/media?parent=14832"}],"wp:term":[{"taxonomy":"category","embeddable":true,"href":"https:\/\/informacionlocal.es\/it\/wp-json\/wp\/v2\/categories?post=14832"},{"taxonomy":"post_tag","embeddable":true,"href":"https:\/\/informacionlocal.es\/it\/wp-json\/wp\/v2\/tags?post=14832"}],"curies":[{"name":"wp","href":"https:\/\/api.w.org\/{rel}","templated":true}]}}