{"id":14814,"date":"2025-11-30T14:58:30","date_gmt":"2025-11-30T14:58:30","guid":{"rendered":"https:\/\/informacionlocal.es\/mas-de-2-000-kilos-de-alimentos-recogidos-en-motor-solidario\/"},"modified":"2025-11-30T14:58:30","modified_gmt":"2025-11-30T14:58:30","slug":"mas-de-2-000-kilos-de-alimentos-recogidos-en-motor-solidario","status":"publish","type":"post","link":"https:\/\/informacionlocal.es\/it\/mas-de-2-000-kilos-de-alimentos-recogidos-en-motor-solidario\/","title":{"rendered":"M\u00e1s de 2.000 kilos de alimentos recogidos en Motor Solidario"},"content":{"rendered":"<div class=\"elementor-widget-container\">\n<p><strong>M\u00e1s de 2.000 kilos de alimentos recogidos en Motor Solidario <\/strong><br \/><strong>pura emoci\u00f3n con los mejores y m\u00e1s comprometidos pilotos canarios<\/strong><\/p>\n<p><strong>\u2022 Gracias a los clubs unidos del motor en Fuerteventura que han logrado organizar una temporada de siete pruebas que finaliza hoy en Antigua, afirma el alcalde, gracias a los equipos y escuder\u00edas por participar en este Motor Solidario ofreciendo toda la emoci\u00f3n al millar de asistentes a este Circuito de Los Alares.<\/strong><br \/><strong>\u2022 Como campeones absolutos, Borja P\u00e9rez Perdomo y Rub\u00e9n P\u00e9rez Darias, subieron a la primera posici\u00f3n del podio, acompa\u00f1ados en segundo puesto por el equipo de Gustavo Sosa y Maite Guti\u00e9rrez, seguidos de Javier Fr\u00e1nquiz y Jos\u00e9 Batista. <\/strong><br \/><strong>\u2022 En Car Cross, Daniel P\u00e9rez, primer puesto, seguido en segunda y tercera posici\u00f3n, por Daniel M\u00e9ndez y Alejandro Dom\u00ednguez, respectivamente.<\/strong><\/p>\n<p>El motor y las pruebas del motor demuestran en cada slalom o rally que tienen un lugar en la isla, ni que les digo en este Municipio, afirma el alcalde Mat\u00edas Pe\u00f1a Garc\u00eda, y ese lugar, esa afici\u00f3n, los numerosos equipos, clubs y escuder\u00edas, que muestran todo el respeto por el medio ambiente en cada organizaci\u00f3n, deben tener espacios legalizados y protegidos tambi\u00e9n para ellos.<\/p>\n<p>Este s\u00e1bado 29 de noviembre el Circuito de Los Alares acog\u00eda el XII Slalom Motor Solidario con equipos puntales de las islas, reuniendo cerca de un millar de espectadores durante la jornada, y recogiendo m\u00e1s de 2.000 kilos de alimentos no perecederos.<\/p>\n<p>Emoci\u00f3n en la pista y una organizaci\u00f3n impecable en horarios, sin incidencias, y mostrando una imagen profesional y coordinada de los clubs del motor en Fuerteventura, afirma el concejal, Samuel Torres, y en este sentido, el propio Ernesto Su\u00e1rez, portavoz de los Clubs Unidos del Motor, recibi\u00f3 el agradecimiento merecido de sus compa\u00f1eros, por su alto nivel de compromiso.<\/p>\n<\/div>\n","protected":false},"excerpt":{"rendered":"<p><strong>M\u00e1s de 2.000 kilos de alimentos recogidos en Motor Solidario <\/strong><\/p>\n","protected":false},"author":1,"featured_media":14816,"comment_status":"open","ping_status":"open","sticky":false,"template":"","format":"standard","meta":{"inline_featured_image":false,"jnews-multi-image_gallery":[],"jnews_single_post":[],"jnews_primary_category":[],"jnews_social_meta":[],"jnews_override_counter":[],"jnews_post_split":[],"footnotes":""},"categories":[59],"tags":[82,76],"class_list":["post-14814","post","type-post","status-publish","format-standard","has-post-thumbnail","hentry","category-antigua","tag-fuerteventura","tag-medio-ambiente"],"jetpack_featured_media_url":"https:\/\/informacionlocal.es\/wp-content\/uploads\/2025\/11\/00-campeones-absolutos-junto-con-organizadores-2-scaled-1.jpg","_links":{"self":[{"href":"https:\/\/informacionlocal.es\/it\/wp-json\/wp\/v2\/posts\/14814","targetHints":{"allow":["GET"]}}],"collection":[{"href":"https:\/\/informacionlocal.es\/it\/wp-json\/wp\/v2\/posts"}],"about":[{"href":"https:\/\/informacionlocal.es\/it\/wp-json\/wp\/v2\/types\/post"}],"author":[{"embeddable":true,"href":"https:\/\/informacionlocal.es\/it\/wp-json\/wp\/v2\/users\/1"}],"replies":[{"embeddable":true,"href":"https:\/\/informacionlocal.es\/it\/wp-json\/wp\/v2\/comments?post=14814"}],"version-history":[{"count":0,"href":"https:\/\/informacionlocal.es\/it\/wp-json\/wp\/v2\/posts\/14814\/revisions"}],"wp:featuredmedia":[{"embeddable":true,"href":"https:\/\/informacionlocal.es\/it\/wp-json\/wp\/v2\/media\/14816"}],"wp:attachment":[{"href":"https:\/\/informacionlocal.es\/it\/wp-json\/wp\/v2\/media?parent=14814"}],"wp:term":[{"taxonomy":"category","embeddable":true,"href":"https:\/\/informacionlocal.es\/it\/wp-json\/wp\/v2\/categories?post=14814"},{"taxonomy":"post_tag","embeddable":true,"href":"https:\/\/informacionlocal.es\/it\/wp-json\/wp\/v2\/tags?post=14814"}],"curies":[{"name":"wp","href":"https:\/\/api.w.org\/{rel}","templated":true}]}}