{"id":14802,"date":"2025-11-29T13:58:34","date_gmt":"2025-11-29T13:58:34","guid":{"rendered":"https:\/\/informacionlocal.es\/turismo-de-la-oliva-rehabilita-la-casa-el-maestro-de-los-lajares\/"},"modified":"2025-11-29T13:58:34","modified_gmt":"2025-11-29T13:58:34","slug":"turismo-de-la-oliva-rehabilita-la-casa-el-maestro-de-los-lajares","status":"publish","type":"post","link":"https:\/\/informacionlocal.es\/it\/turismo-de-la-oliva-rehabilita-la-casa-el-maestro-de-los-lajares\/","title":{"rendered":"Turismo de La Oliva rehabilita la Casa El Maestro de Los Lajares"},"content":{"rendered":"<p>El coraz\u00f3n de Los Lajares, la Casa El Maestro, ya se encuentra rehabilitada para recibir en sus inmediaciones a los vecinos, vecinas y visitantes al pueblo. Bajo el primer esbozo que empez\u00f3 a comienzos de legislatura, el Ayuntamiento de La Oliva, a trav\u00e9s de la Concejal\u00eda de Turismo y Medio Ambiente, que gestiona David Fajardo, se recrea para emplear los fondos del \u00e1rea en la mejora de puntos de inter\u00e9s ubicados en los pueblos del municipio. As\u00ed es como surge la idea de rehabilitar la Casa El Maestro, un inmueble de patrimonio hist\u00f3rico que forma parte de la identidad del pueblo y sus habitantes pero que, sin embargo, hasta la fecha se encontraba relegada al olvido de lo que un d\u00eda fue.  <\/p>\n<p>Desde Turismo y Medio Ambiente se puso en marcha un plan de rehabilitaci\u00f3n que consiguiera hacer perdurar la historia del lugar hasta nuestros d\u00edas. As\u00ed pues, desde el Consistorio se mantuvo un di\u00e1logo abierto con el pueblo con el objetivo de comprender la voluntad de los vecinos y vecinas para el inmueble. En este sentido, para la remodelaci\u00f3n se cont\u00f3 con pedreros de Los Lajares, con el fin de devolverle la esencia propia a la edificaci\u00f3n. Adem\u00e1s, se eliminaron elementos estructurales inservibles y se procedi\u00f3 a la colocaci\u00f3n de p\u00e9rgola, banco, maceteros e iluminaci\u00f3n que consiguiera fusionar la tradici\u00f3n de este elemento patrimonial, con la comodidad de los vecinos y turistas que paseen por la zona.  <\/p>\n<p>El alcalde de La Oliva, Isa\u00ed Blanco, destaca la necesidad de continuar reinvent\u00e1ndose para llegar a idear planteamientos que logren mejorar los entornos del municipio de forma novedosa: \u201cEste es el claro ejemplo de que necesitamos seguir ideando nuevas premisas que nos lleven al fin \u00faltimo que tenemos desde el grupo de gobierno, que no es otro que mejorar la calidad de vida de nuestros vecinos y vecinas. A trav\u00e9s de esta actuaci\u00f3n, se logra rehabilitar m\u00e1s que una edificaci\u00f3n, pues se consigue rememorar la historia del pueblo y as\u00ed mantenerla viva para las nuevas generaciones y turistas.\u201d <\/p>\n<p>Por su parte, el concejal de Turismo y Medio Ambiente, David Fajardo, pone de manifiesto: \u201cLa idea de rehabilitar la Casa El Maestro es un hecho que nos ronda desde el comienzo de mandato. Los habitantes de Los Lajares conocemos a la perfecci\u00f3n la historia que guardan esas paredes que ahora, sin embargo, parec\u00eda haberse olvidado debido a la falta de cuidado del inmueble. Con esta rehabilitaci\u00f3n de la zona exterior conseguimos traer de vuelta lo que un d\u00eda fue esta casa, embelleciendo adem\u00e1s el centro del pueblo y creando una estampa memorable para quienes pasen por la zona ya sea de d\u00eda o de noche.\u201d <\/p>\n<p>\u201cNuestro objetivo es seguir trabajando en futuras acciones para que la edificaci\u00f3n no solo sirva como punto de encuentro en su exterior, sino que adem\u00e1s pueda emplearse tambi\u00e9n con car\u00e1cter social para los habitantes del municipio a trav\u00e9s de la rehabilitaci\u00f3n del interior. Mientras, vecinos, vecinas y visitantes de la Isla pueden disfrutar de las inmediaciones de la edificaci\u00f3n tanto de d\u00eda como de noche gracias a la luminaria colocada en la fachada, el emblem\u00e1tico cartel y el entorno de la casa\u201d, explica Fajardo.<\/p>\n","protected":false},"excerpt":{"rendered":"<p><span>El Consistorio culmina la rehabilitaci\u00f3n de este inmueble de patrimonio hist\u00f3rico situado en el coraz\u00f3n de la localidad, que lleva gest\u00e1ndose desde comienzo de legislatura hasta materializarse en la fusi\u00f3n perfecta entre tradici\u00f3n y comodidad, un punto de encuentro que embellece el centro de Los Lajares y posibilidad de convertirse, gracias a una futura reforma del interior, en un lugar destinado a car\u00e1cter social<\/span><\/p>\n","protected":false},"author":1,"featured_media":14804,"comment_status":"open","ping_status":"open","sticky":false,"template":"","format":"standard","meta":{"inline_featured_image":false,"jnews-multi-image_gallery":[],"jnews_single_post":[],"jnews_primary_category":[],"jnews_social_meta":[],"jnews_override_counter":[],"jnews_post_split":[],"footnotes":""},"categories":[62],"tags":[76],"class_list":["post-14802","post","type-post","status-publish","format-standard","has-post-thumbnail","hentry","category-la-oliva","tag-medio-ambiente"],"jetpack_featured_media_url":"https:\/\/informacionlocal.es\/wp-content\/uploads\/2025\/11\/5277_5df36903.png","_links":{"self":[{"href":"https:\/\/informacionlocal.es\/it\/wp-json\/wp\/v2\/posts\/14802","targetHints":{"allow":["GET"]}}],"collection":[{"href":"https:\/\/informacionlocal.es\/it\/wp-json\/wp\/v2\/posts"}],"about":[{"href":"https:\/\/informacionlocal.es\/it\/wp-json\/wp\/v2\/types\/post"}],"author":[{"embeddable":true,"href":"https:\/\/informacionlocal.es\/it\/wp-json\/wp\/v2\/users\/1"}],"replies":[{"embeddable":true,"href":"https:\/\/informacionlocal.es\/it\/wp-json\/wp\/v2\/comments?post=14802"}],"version-history":[{"count":0,"href":"https:\/\/informacionlocal.es\/it\/wp-json\/wp\/v2\/posts\/14802\/revisions"}],"wp:featuredmedia":[{"embeddable":true,"href":"https:\/\/informacionlocal.es\/it\/wp-json\/wp\/v2\/media\/14804"}],"wp:attachment":[{"href":"https:\/\/informacionlocal.es\/it\/wp-json\/wp\/v2\/media?parent=14802"}],"wp:term":[{"taxonomy":"category","embeddable":true,"href":"https:\/\/informacionlocal.es\/it\/wp-json\/wp\/v2\/categories?post=14802"},{"taxonomy":"post_tag","embeddable":true,"href":"https:\/\/informacionlocal.es\/it\/wp-json\/wp\/v2\/tags?post=14802"}],"curies":[{"name":"wp","href":"https:\/\/api.w.org\/{rel}","templated":true}]}}