{"id":14678,"date":"2025-11-28T12:59:18","date_gmt":"2025-11-28T12:59:18","guid":{"rendered":"https:\/\/informacionlocal.es\/la-escuela-insular-de-musica-de-fuerteventura-celebra-sus-conciertos-de-navidad\/"},"modified":"2025-11-28T12:59:18","modified_gmt":"2025-11-28T12:59:18","slug":"la-escuela-insular-de-musica-de-fuerteventura-celebra-sus-conciertos-de-navidad","status":"publish","type":"post","link":"https:\/\/informacionlocal.es\/it\/la-escuela-insular-de-musica-de-fuerteventura-celebra-sus-conciertos-de-navidad\/","title":{"rendered":"La Escuela Insular de M\u00fasica de Fuerteventura celebra sus Conciertos de Navidad"},"content":{"rendered":"<div class=\"entry-content\"><strong>28 noviembre, 2025<\/strong><\/p>\n<p><strong><em>Una programaci\u00f3n navide\u00f1a que acercan la m\u00fasica a la ciudadan\u00eda, a<br \/>\ntrav\u00e9s de tres conciertos en diferentes puntos de la isla<\/em><\/strong><\/p>\n<p>La Escuela Insular de M\u00fasica de Fuerteventura se prepara para<br \/>\nvivir uno de los momentos m\u00e1s especiales del a\u00f1o con la celebraci\u00f3n de sus<br \/>\ntradicionales Conciertos de Navidad, una cita ya imprescindible en el<br \/>\ncalendario cultural de la isla. Ser\u00e1n tres encuentros musicales que recorrer\u00e1n<br \/>\ndistintas sedes para compartir con el p\u00fablico el talento, la dedicaci\u00f3n y la<br \/>\nilusi\u00f3n del alumnado y profesorado del centro.<\/p>\n<p>El primero de ellos tendr\u00e1 lugar el 16 de diciembre a las 19.00<br \/>\nhoras en el Palacio de Formaci\u00f3n y Congresos, en Puerto del Rosario, donde se<br \/>\ncelebrar\u00e1 el Gran Concierto de Navidad. La entrada ser\u00e1 gratuita mediante<br \/>\ninvitaci\u00f3n, disponible a trav\u00e9s de www.ecoentradas.com. <\/p>\n<p>La programaci\u00f3n continuar\u00e1 el 17 de diciembre, a las 19.00 horas,<br \/>\ncon el concierto en Gran Tarajal, y culminar\u00e1 el 18 de diciembre a la misma<br \/>\nhora en La Oliva, una velada que contar\u00e1 adem\u00e1s con la participaci\u00f3n especial<br \/>\ndel Grupo de Teatro de La Oliva, enriqueciendo a\u00fan m\u00e1s la propuesta art\u00edstica.<\/p>\n<p>El consejero de Educaci\u00f3n, Adargoma Hern\u00e1ndez, y la Escuela<br \/>\nInsular de M\u00fasica de Fuerteventura invitan a toda la ciudadan\u00eda a disfrutar de<br \/>\nestas tres jornadas, pensadas para celebrar la Navidad con m\u00fasica, emoci\u00f3n y el<br \/>\nesp\u00edritu comunitario que caracteriza a este centro formativo y cultural de<br \/>\nreferencia en la isla.<\/p>\n<p>Les esperamos para compartir el mejor ambiente navide\u00f1o a trav\u00e9s<br \/>\nde la m\u00fasica.<\/p>\n<\/div>\n","protected":false},"excerpt":{"rendered":"<p>28 noviembre, 2025 Una programaci\u00f3n navide\u00f1a que acercan la m\u00fasica a la ciudadan\u00eda, a trav\u00e9s de tres conciertos en diferentes puntos de la isla La Escuela Insular de M\u00fasica de [&hellip;]<\/p>\n","protected":false},"author":1,"featured_media":14680,"comment_status":"open","ping_status":"open","sticky":false,"template":"","format":"standard","meta":{"inline_featured_image":false,"jnews-multi-image_gallery":[],"jnews_single_post":[],"jnews_primary_category":[],"jnews_social_meta":[],"jnews_override_counter":[],"jnews_post_split":[],"footnotes":""},"categories":[58],"tags":[73,82],"class_list":["post-14678","post","type-post","status-publish","format-standard","has-post-thumbnail","hentry","category-cabildo","tag-educacion","tag-fuerteventura"],"jetpack_featured_media_url":"https:\/\/informacionlocal.es\/wp-content\/uploads\/2025\/11\/eimf.jpeg","_links":{"self":[{"href":"https:\/\/informacionlocal.es\/it\/wp-json\/wp\/v2\/posts\/14678","targetHints":{"allow":["GET"]}}],"collection":[{"href":"https:\/\/informacionlocal.es\/it\/wp-json\/wp\/v2\/posts"}],"about":[{"href":"https:\/\/informacionlocal.es\/it\/wp-json\/wp\/v2\/types\/post"}],"author":[{"embeddable":true,"href":"https:\/\/informacionlocal.es\/it\/wp-json\/wp\/v2\/users\/1"}],"replies":[{"embeddable":true,"href":"https:\/\/informacionlocal.es\/it\/wp-json\/wp\/v2\/comments?post=14678"}],"version-history":[{"count":0,"href":"https:\/\/informacionlocal.es\/it\/wp-json\/wp\/v2\/posts\/14678\/revisions"}],"wp:featuredmedia":[{"embeddable":true,"href":"https:\/\/informacionlocal.es\/it\/wp-json\/wp\/v2\/media\/14680"}],"wp:attachment":[{"href":"https:\/\/informacionlocal.es\/it\/wp-json\/wp\/v2\/media?parent=14678"}],"wp:term":[{"taxonomy":"category","embeddable":true,"href":"https:\/\/informacionlocal.es\/it\/wp-json\/wp\/v2\/categories?post=14678"},{"taxonomy":"post_tag","embeddable":true,"href":"https:\/\/informacionlocal.es\/it\/wp-json\/wp\/v2\/tags?post=14678"}],"curies":[{"name":"wp","href":"https:\/\/api.w.org\/{rel}","templated":true}]}}