{"id":14619,"date":"2025-11-27T10:58:46","date_gmt":"2025-11-27T10:58:46","guid":{"rendered":"https:\/\/informacionlocal.es\/el-centenar-de-mayores-de-antigua-en-cantabria-disfrutan-de-nieve-lluvia-y-un-paisaje-medieval-emocionante\/"},"modified":"2025-11-27T10:58:46","modified_gmt":"2025-11-27T10:58:46","slug":"el-centenar-de-mayores-de-antigua-en-cantabria-disfrutan-de-nieve-lluvia-y-un-paisaje-medieval-emocionante","status":"publish","type":"post","link":"https:\/\/informacionlocal.es\/it\/el-centenar-de-mayores-de-antigua-en-cantabria-disfrutan-de-nieve-lluvia-y-un-paisaje-medieval-emocionante\/","title":{"rendered":"El centenar de mayores de Antigua en Cantabria disfrutan de nieve, lluvia y un paisaje medieval emocionante"},"content":{"rendered":"<div class=\"elementor-widget-container\">\n<p><strong>El centenar de mayores de Antigua en Cantabria disfrutan de nieve, lluvia y un paisaje medieval emocionante<\/strong><\/p>\n<p><strong>\u2022 El alcalde, Mat\u00edas Pe\u00f1a Garc\u00eda, como es ya tradici\u00f3n, sorprende con una r\u00e1pida visita al centenar de mayores de Antigua y les garantiza nuevo viaje para el pr\u00f3ximo a\u00f1o. <\/strong><br \/><strong>\u2022 Aventuras y divertidos momentos en los que hubo que re\u00edrse del frio jugando con la nieve, caminando bajo ventiscas o aguanieve y entrando en calor compartiendo mesa, donde el calor de los contundentes platos de cuchara se agradec\u00eda.<\/strong><\/p>\n<p>El alcalde, Mat\u00edas Pe\u00f1a Garc\u00eda, visitaba como es ya una tradici\u00f3n al centenar de mayores de Antigua que en estos d\u00edas disfrutan los paisajes y pueblos m\u00e1s monta\u00f1osos, elevados y medievales de Cantabria y Asturias.<\/p>\n<p>Me alegro de verles y verles bien, comentaba el alcalde, escuchando tantos momentos divertidos que me cuenten, queda claro que este viaje como el del a\u00f1o pasado o como el pr\u00f3ximo a un crucero, es a mejor inversi\u00f3n, en ustedes que son lo m\u00e1s valioso en el Municipio por lo ya hecho, por lo que han vivido y nos han ense\u00f1ado, y finalizaba Mat\u00edas Pe\u00f1a, el Ayuntamiento de Antigua mantendr\u00e1 una partida presupuestaria destinada a financiar y facilitar la asistencia de todos y todas las mayores del municipio, sea alta o baja su pensi\u00f3n.<\/p>\n<p>El centenar de mayores de Antigua, acompa\u00f1ados por la concejala de Servicios Sociales, Am\u00e9rica Soto, prosiguen su viaje, con siguiente parada en el parque de la naturaleza de Cab\u00e1rceno donde podr\u00e1n contemplar de cerca, osos, ciervos y diferente fauna propia del lugar.<\/p>\n<p>Una ruta de que ha incluido paseos por Santillana del Mar, Comillas, Potes, San Vicente de la Barquera, Lierganes, Cangas de On\u00eds, Castro Urdiales, subida en telef\u00e9rico a los Picos de Europa, sin que la nieve, el viento o las ventiscas de agua nieve fueran un freno, sino muy al contrario, retos y momentos que s\u00f3lo propiciaban momentos divertidos a comentar alrededor de una mesa con buenos calderos de garbanzas y cocidos.<\/p>\n<\/div>\n","protected":false},"excerpt":{"rendered":"<p><strong>El centenar de mayores de Antigua en Cantabria disfrutan de nieve, lluvia y un paisaje medieval emocionante<\/strong><\/p>\n","protected":false},"author":1,"featured_media":14621,"comment_status":"open","ping_status":"open","sticky":false,"template":"","format":"standard","meta":{"inline_featured_image":false,"jnews-multi-image_gallery":[],"jnews_single_post":[],"jnews_primary_category":[],"jnews_social_meta":[],"jnews_override_counter":[],"jnews_post_split":[],"footnotes":""},"categories":[59],"tags":[],"class_list":["post-14619","post","type-post","status-publish","format-standard","has-post-thumbnail","hentry","category-antigua"],"jetpack_featured_media_url":"https:\/\/informacionlocal.es\/wp-content\/uploads\/2025\/11\/00-el-alcalde-visita-al-centenar-de-mayores-de-antigua-durante-su-viaje-a-cantabria-y-asturias-4-scaled-1.jpg","_links":{"self":[{"href":"https:\/\/informacionlocal.es\/it\/wp-json\/wp\/v2\/posts\/14619","targetHints":{"allow":["GET"]}}],"collection":[{"href":"https:\/\/informacionlocal.es\/it\/wp-json\/wp\/v2\/posts"}],"about":[{"href":"https:\/\/informacionlocal.es\/it\/wp-json\/wp\/v2\/types\/post"}],"author":[{"embeddable":true,"href":"https:\/\/informacionlocal.es\/it\/wp-json\/wp\/v2\/users\/1"}],"replies":[{"embeddable":true,"href":"https:\/\/informacionlocal.es\/it\/wp-json\/wp\/v2\/comments?post=14619"}],"version-history":[{"count":0,"href":"https:\/\/informacionlocal.es\/it\/wp-json\/wp\/v2\/posts\/14619\/revisions"}],"wp:featuredmedia":[{"embeddable":true,"href":"https:\/\/informacionlocal.es\/it\/wp-json\/wp\/v2\/media\/14621"}],"wp:attachment":[{"href":"https:\/\/informacionlocal.es\/it\/wp-json\/wp\/v2\/media?parent=14619"}],"wp:term":[{"taxonomy":"category","embeddable":true,"href":"https:\/\/informacionlocal.es\/it\/wp-json\/wp\/v2\/categories?post=14619"},{"taxonomy":"post_tag","embeddable":true,"href":"https:\/\/informacionlocal.es\/it\/wp-json\/wp\/v2\/tags?post=14619"}],"curies":[{"name":"wp","href":"https:\/\/api.w.org\/{rel}","templated":true}]}}