{"id":14583,"date":"2025-11-26T17:58:50","date_gmt":"2025-11-26T17:58:50","guid":{"rendered":"https:\/\/informacionlocal.es\/puerto-del-rosario-firma-el-acta-de-replanteo-para-obras-y-acondicionamiento-en-la-zona-de-los-hornos-de-cal-en-el-charco\/"},"modified":"2025-11-26T17:58:50","modified_gmt":"2025-11-26T17:58:50","slug":"puerto-del-rosario-firma-el-acta-de-replanteo-para-obras-y-acondicionamiento-en-la-zona-de-los-hornos-de-cal-en-el-charco","status":"publish","type":"post","link":"https:\/\/informacionlocal.es\/it\/puerto-del-rosario-firma-el-acta-de-replanteo-para-obras-y-acondicionamiento-en-la-zona-de-los-hornos-de-cal-en-el-charco\/","title":{"rendered":"Puerto del Rosario firma el acta de replanteo para obras y acondicionamiento en la zona de los hornos de cal en El Charco"},"content":{"rendered":"<div class=\"entry-content\">\n<p>En la ma\u00f1ana del mi\u00e9rcoles, 26 de noviembre, en el ayuntamiento de Puerto del Rosario, ten\u00eda lugar la firma del acta de comprobaci\u00f3n de replanteo de las obras para la ejecuci\u00f3n de baja tensi\u00f3n en los hornos de cal con un presupuesto base de licitaci\u00f3n de 62.568,15 \u20ac ( lote 1 ) y acondicionamiento del centro de interpretaci\u00f3n y entorno de los hornos de cal con un presupuesto base de licitaci\u00f3n de 137.764,66 \u20ac ( lote 2 )<\/p>\n<p>En el acto participaban el alcalde, David de Vera, Ignacio Solana, consejero delegado de Gesprotur, la concejala de Turismo, Rosa Rodr\u00edguez, la t\u00e9cnico de Gesprotur, Cristina Rodr\u00edguez, el director facultativo de las obras Urbano P\u00e9rez y el representante de la empresa adjudicataria, Benito Reyes.<\/p>\n<p>Estas actuaciones se realizan con la intervenci\u00f3n de la consejer\u00eda de Turismo del Gobierno de Canarias.<\/p>\n<p>Para el <strong>alcalde, David de Vera, \u201c<\/strong>el entorno de los hornos de cal de El Charco, ha experimentado un profundo cambio de mejoras, donde visitantes y residentes pueden disfrutar de este entorno junto al mar que forma parte de la historia del municipio\u201d.<\/p>\n<p>El <strong>consejero delegado de Gesprotur, Ignacio Solana<\/strong>, manifestaba \u201cla importancia de estos trabajos en la zona, con la intenci\u00f3n de llevar a cabo las diferentes actuaciones de acondicionamiento en el centro de interpretaci\u00f3n y que junto a las obras de baja tensi\u00f3n en los hornos de cal, permitan cubrir las necesidades t\u00e9cnicas\u201d.<\/p>\n<p>La <strong>concejala de Turismo, Rosa Rodr\u00edguez,<\/strong> destacaba \u201cla gran aceptaci\u00f3n de los visitantes en el Centro de Interpretaci\u00f3n de los hornos de Cal en El Charco, que ahora se ve mejorado con estos trabajos, tanto en el propio edificio como en su entorno, lo que contribuye a la promoci\u00f3n de la zona de este popular barrio\u201d.<\/p>\n<\/div>\n","protected":false},"excerpt":{"rendered":"<p>En la ma\u00f1ana del mi\u00e9rcoles, 26 de noviembre, en el ayuntamiento de Puerto del Rosario, ten\u00eda lugar la firma del acta de comprobaci\u00f3n de replanteo de las obras para la [&hellip;]<\/p>\n","protected":false},"author":1,"featured_media":14585,"comment_status":"open","ping_status":"open","sticky":false,"template":"","format":"standard","meta":{"inline_featured_image":false,"jnews-multi-image_gallery":[],"jnews_single_post":[],"jnews_primary_category":[],"jnews_social_meta":[],"jnews_override_counter":[],"jnews_post_split":[],"footnotes":""},"categories":[61],"tags":[],"class_list":["post-14583","post","type-post","status-publish","format-standard","has-post-thumbnail","hentry","category-puerto-del-rosario"],"jetpack_featured_media_url":"https:\/\/informacionlocal.es\/wp-content\/uploads\/2025\/11\/replanteo-t-1-hornos-alcalde-rosa-nacho.jpg","_links":{"self":[{"href":"https:\/\/informacionlocal.es\/it\/wp-json\/wp\/v2\/posts\/14583","targetHints":{"allow":["GET"]}}],"collection":[{"href":"https:\/\/informacionlocal.es\/it\/wp-json\/wp\/v2\/posts"}],"about":[{"href":"https:\/\/informacionlocal.es\/it\/wp-json\/wp\/v2\/types\/post"}],"author":[{"embeddable":true,"href":"https:\/\/informacionlocal.es\/it\/wp-json\/wp\/v2\/users\/1"}],"replies":[{"embeddable":true,"href":"https:\/\/informacionlocal.es\/it\/wp-json\/wp\/v2\/comments?post=14583"}],"version-history":[{"count":0,"href":"https:\/\/informacionlocal.es\/it\/wp-json\/wp\/v2\/posts\/14583\/revisions"}],"wp:featuredmedia":[{"embeddable":true,"href":"https:\/\/informacionlocal.es\/it\/wp-json\/wp\/v2\/media\/14585"}],"wp:attachment":[{"href":"https:\/\/informacionlocal.es\/it\/wp-json\/wp\/v2\/media?parent=14583"}],"wp:term":[{"taxonomy":"category","embeddable":true,"href":"https:\/\/informacionlocal.es\/it\/wp-json\/wp\/v2\/categories?post=14583"},{"taxonomy":"post_tag","embeddable":true,"href":"https:\/\/informacionlocal.es\/it\/wp-json\/wp\/v2\/tags?post=14583"}],"curies":[{"name":"wp","href":"https:\/\/api.w.org\/{rel}","templated":true}]}}