{"id":14559,"date":"2025-11-26T13:59:05","date_gmt":"2025-11-26T13:59:05","guid":{"rendered":"https:\/\/informacionlocal.es\/el-cabildo-y-esscan-impulsan-formacion-sobre-la-prevencion-y-tratamiento-de-adicciones\/"},"modified":"2025-11-26T13:59:05","modified_gmt":"2025-11-26T13:59:05","slug":"el-cabildo-y-esscan-impulsan-formacion-sobre-la-prevencion-y-tratamiento-de-adicciones","status":"publish","type":"post","link":"https:\/\/informacionlocal.es\/it\/el-cabildo-y-esscan-impulsan-formacion-sobre-la-prevencion-y-tratamiento-de-adicciones\/","title":{"rendered":"El Cabildo y ESSCAN impulsan formaci\u00f3n sobre la prevenci\u00f3n y tratamiento de adicciones"},"content":{"rendered":"<div class=\"entry-content\"><strong>26 noviembre, 2025<\/strong><\/p>\n<p><strong><em>Profesionales del \u00e1mbito sanitario y social podr\u00e1n adquirir estrategias para abordar las nuevas adicciones digitales<\/em><\/strong><\/p>\n<p>El Cabildo de Fuerteventura impartir\u00e1 una formaci\u00f3n dirigida a profesionales de los \u00e1mbitos sanitario, social y sociosanitario que trabajan en prevenci\u00f3n y abordaje de adicciones comportamentales. Esta formaci\u00f3n se desarrolla de la mano de la Escuela de Servicios Sanitarios y Sociales de Canarias (ESSCAN).<\/p>\n<p>El consejero de Acci\u00f3n Social, V\u00edctor Alonso, explica que \u201cla iniciativa tiene como objetivo dotar a los participantes de estrategias y herramientas pr\u00e1cticas para intervenir de manera eficaz, haciendo especial hincapi\u00e9 en las tecno-adicciones, las redes sociales y el juego patol\u00f3gico\u201d.<\/p>\n<p>Se impartir\u00e1 de manera online del 3 al 16 de diciembre, con una sesi\u00f3n presencial el 17 de\u00a0diciembre, en horario de 9.00 a 14.30 horas, donde se abordar\u00e1n casos pr\u00e1cticos y se profundizar\u00e1 en la aplicaci\u00f3n de conocimientos adquiridos. Los contenidos incluyen la comprensi\u00f3n de la persona con problemas de adicciones, la identificaci\u00f3n de patrones de comportamiento, la creaci\u00f3n de alternativas de\u00a0ocio saludable, as\u00ed como la detecci\u00f3n y prevenci\u00f3n de nuevas adicciones digitales. Adem\u00e1s, se trabajar\u00e1 la comorbilidad con otros trastornos mentales y se otros riesgos de adicci\u00f3n.<\/p>\n<p>El equipo docente estar\u00e1 compuesto por profesionales de la Fundaci\u00f3n Adsis ALUESA y los psic\u00f3logos Edgar Chinea y Alba Fern\u00e1ndez, quienes guiar\u00e1n a los participantes en la construcci\u00f3n\u00a0de modelos de intervenci\u00f3n efectivos y la implementaci\u00f3n de estrategias preventivas.<\/p>\n<p>La formaci\u00f3n est\u00e1 abierta a profesionales con titulaci\u00f3n m\u00ednima de bachillerato o formaci\u00f3n profesional, y las inscripciones se realizan a trav\u00e9s de la p\u00e1gina oficial de ESSSCAN o a trav\u00e9s del enlace\u00a0https:\/\/essscan.es\/formacion\/?id=80cf3791-d374-408f-839d-d4a11e594bdd.\u00a0<\/p>\n<\/div>\n","protected":false},"excerpt":{"rendered":"<p>26 noviembre, 2025 Profesionales del \u00e1mbito sanitario y social podr\u00e1n adquirir estrategias para abordar las nuevas adicciones digitales El Cabildo de Fuerteventura impartir\u00e1 una formaci\u00f3n dirigida a profesionales de los [&hellip;]<\/p>\n","protected":false},"author":1,"featured_media":14561,"comment_status":"open","ping_status":"open","sticky":false,"template":"","format":"standard","meta":{"inline_featured_image":false,"jnews-multi-image_gallery":[],"jnews_single_post":[],"jnews_primary_category":[],"jnews_social_meta":[],"jnews_override_counter":[],"jnews_post_split":[],"footnotes":""},"categories":[58],"tags":[82],"class_list":["post-14559","post","type-post","status-publish","format-standard","has-post-thumbnail","hentry","category-cabildo","tag-fuerteventura"],"jetpack_featured_media_url":"https:\/\/informacionlocal.es\/wp-content\/uploads\/2025\/11\/18220_img.png","_links":{"self":[{"href":"https:\/\/informacionlocal.es\/it\/wp-json\/wp\/v2\/posts\/14559","targetHints":{"allow":["GET"]}}],"collection":[{"href":"https:\/\/informacionlocal.es\/it\/wp-json\/wp\/v2\/posts"}],"about":[{"href":"https:\/\/informacionlocal.es\/it\/wp-json\/wp\/v2\/types\/post"}],"author":[{"embeddable":true,"href":"https:\/\/informacionlocal.es\/it\/wp-json\/wp\/v2\/users\/1"}],"replies":[{"embeddable":true,"href":"https:\/\/informacionlocal.es\/it\/wp-json\/wp\/v2\/comments?post=14559"}],"version-history":[{"count":0,"href":"https:\/\/informacionlocal.es\/it\/wp-json\/wp\/v2\/posts\/14559\/revisions"}],"wp:featuredmedia":[{"embeddable":true,"href":"https:\/\/informacionlocal.es\/it\/wp-json\/wp\/v2\/media\/14561"}],"wp:attachment":[{"href":"https:\/\/informacionlocal.es\/it\/wp-json\/wp\/v2\/media?parent=14559"}],"wp:term":[{"taxonomy":"category","embeddable":true,"href":"https:\/\/informacionlocal.es\/it\/wp-json\/wp\/v2\/categories?post=14559"},{"taxonomy":"post_tag","embeddable":true,"href":"https:\/\/informacionlocal.es\/it\/wp-json\/wp\/v2\/tags?post=14559"}],"curies":[{"name":"wp","href":"https:\/\/api.w.org\/{rel}","templated":true}]}}