{"id":14535,"date":"2025-11-25T21:58:48","date_gmt":"2025-11-25T21:58:48","guid":{"rendered":"https:\/\/informacionlocal.es\/puerto-del-rosario-presenta-el-servicio-de-conservacion-mantenimiento-y-limpieza-de-espacios-ajardinados-y-areas-municipales\/"},"modified":"2025-11-25T21:58:48","modified_gmt":"2025-11-25T21:58:48","slug":"puerto-del-rosario-presenta-el-servicio-de-conservacion-mantenimiento-y-limpieza-de-espacios-ajardinados-y-areas-municipales","status":"publish","type":"post","link":"https:\/\/informacionlocal.es\/it\/puerto-del-rosario-presenta-el-servicio-de-conservacion-mantenimiento-y-limpieza-de-espacios-ajardinados-y-areas-municipales\/","title":{"rendered":"Puerto del Rosario presenta el Servicio de Conservaci\u00f3n, Mantenimiento y Limpieza de Espacios Ajardinados y \u00c1reas Municipales"},"content":{"rendered":"<div class=\"entry-content\">\n<p>En la ma\u00f1ana del martes, 25 de noviembre, ten\u00eda lugar la presentaci\u00f3n en Casillas del \u00c1ngel, donde la empresa UTE Puerto del Rosario Jardines Dos ha sido adjudicataria del servicio de conservacio\u0301n, mantenimiento y limpieza de los espacios ajardinados, sus instalaciones, a\u0301reas de juegos infantiles, a\u0301reas de juegos deportivos, a\u0301reas biosaludables, fuentes ornamentales, a\u0301reas caninas y plazas pu\u0301blicas del municipio de Puerto del Rosario, mediante licitacio\u0301n del Ayuntamiento capitalino.<\/p>\n<p>Este contrato, tiene una duracio\u0301n inicial de cuatro an\u0303os y posibilidad de pro\u0301rroga de dos an\u0303os adicionales.<\/p>\n<p>El a\u0301mbito de este contrato abarca la conservacio\u0301n y mantenimiento integral de todos los espacios ajardinados de uso pu\u0301blico dentro del te\u0301rmino municipal de Puerto del Rosario, incluyendo todos los componentes, infraestructuras y elementos asociados.<\/p>\n<p>Esto comprende la limpieza y mantenimiento de parques, a\u0301reas de recreo, instalaciones biosaludables, fuentes ornamentales, a\u0301reas caninas y plazas pu\u0301blicas, con el objetivo de asegurar su correcto funcionamiento y preservar la calidad de los espacios para el disfrute de la comunidad.<\/p>\n<p>Para ello, la UTE FCC en medios materiales, dispone de una flota de 35 veh\u0131\u0301culos, hidrolimpiadoras, veh\u0131\u0301culos con plataformas elevadoras, veh\u0131\u0301culos con caja abierta, as\u0131\u0301 como camiones con gru\u0301a para la recogida de poda y brazo para el transporte de cubas de agua y cajas para la recoleccio\u0301n de residuos vegetales. Adema\u0301s, cuenta con remolques y un pequen\u0303o tractor, lo que nos permite realizar un servicio a\u0301gil, eficaz y adaptado a las necesidades del municipio.<\/p>\n<p>Por otro lado, lo ma\u0301s importante a mencionar, es el equipo humano de FCC encargado de ejecutar este servicio, comprendido por 41 personas.<\/p>\n<p>El <strong>alcalde, David de Vera,<\/strong> manifestaba que \u201ces una prioridad de este ayuntamiento que la limpieza, mantenimiento y conservaci\u00f3n\u00a0 del municipio sea una constante durante todo el a\u00f1o, por ello hemos procedido a la adjudicaci\u00f3n de este servicio para garantizar que se lleve a cabo en las mejores condiciones\u201d.<\/p>\n<p>La <strong>concejala de Parques y Zonas Verdes, Erica Gonz\u00e1lez,<\/strong> destacaba que \u201cla poblaci\u00f3n y \u00e1reas habitadas del municipio han aumentado, al igual que las zonas p\u00fablicas, que requieren un mantenimiento continuado, por ello desde el ayuntamiento se realizan estas actuaciones donde la colaboraci\u00f3n de la ciudadan\u00eda es fundamental para que todos\/as podamos disfrutar de estos espacios\u201d.<\/p>\n<p>Para <strong>Jos\u00e9 Alberto Rodr\u00edguez, jefe de producci\u00f3n de la delegaci\u00f3n canaria de FCC,<\/strong> \u201cel equipo de UTE Puerto del Rosario Jardines Dos esta\u0301 comprometido con la excelencia en el servicio, garantizando la conservacio\u0301n o\u0301ptima de los espacios ajardinados y a\u0301reas recreativas. Adema\u0301s, nos alineamos con las mejores pra\u0301cticas medioambientales, implementando procesos sostenibles en todas nuestras operaciones\u201d.<\/p>\n<p>Este servicio, con un enfoque integral y adaptado a las necesidades del municipio, busca mejorar la calidad de vida de los ciudadanos\/as, manteniendo los espacios pu\u0301blicos en condiciones excepcionales y ofreciendo entornos seguros, agradables y accesibles para toda la comunidad.<\/p>\n<p>\u00a0<\/p>\n<\/div>\n","protected":false},"excerpt":{"rendered":"<p>En la ma\u00f1ana del martes, 25 de noviembre, ten\u00eda lugar la presentaci\u00f3n en Casillas del \u00c1ngel, donde la empresa UTE Puerto del Rosario Jardines Dos ha sido adjudicataria del servicio [&hellip;]<\/p>\n","protected":false},"author":1,"featured_media":14537,"comment_status":"open","ping_status":"open","sticky":false,"template":"","format":"standard","meta":{"inline_featured_image":false,"jnews-multi-image_gallery":[],"jnews_single_post":[],"jnews_primary_category":[],"jnews_social_meta":[],"jnews_override_counter":[],"jnews_post_split":[],"footnotes":""},"categories":[61],"tags":[],"class_list":["post-14535","post","type-post","status-publish","format-standard","has-post-thumbnail","hentry","category-puerto-del-rosario"],"jetpack_featured_media_url":"https:\/\/informacionlocal.es\/wp-content\/uploads\/2025\/11\/fcc-t-1-1125-maquinaria-aerea-scaled-1.jpg","_links":{"self":[{"href":"https:\/\/informacionlocal.es\/it\/wp-json\/wp\/v2\/posts\/14535","targetHints":{"allow":["GET"]}}],"collection":[{"href":"https:\/\/informacionlocal.es\/it\/wp-json\/wp\/v2\/posts"}],"about":[{"href":"https:\/\/informacionlocal.es\/it\/wp-json\/wp\/v2\/types\/post"}],"author":[{"embeddable":true,"href":"https:\/\/informacionlocal.es\/it\/wp-json\/wp\/v2\/users\/1"}],"replies":[{"embeddable":true,"href":"https:\/\/informacionlocal.es\/it\/wp-json\/wp\/v2\/comments?post=14535"}],"version-history":[{"count":0,"href":"https:\/\/informacionlocal.es\/it\/wp-json\/wp\/v2\/posts\/14535\/revisions"}],"wp:featuredmedia":[{"embeddable":true,"href":"https:\/\/informacionlocal.es\/it\/wp-json\/wp\/v2\/media\/14537"}],"wp:attachment":[{"href":"https:\/\/informacionlocal.es\/it\/wp-json\/wp\/v2\/media?parent=14535"}],"wp:term":[{"taxonomy":"category","embeddable":true,"href":"https:\/\/informacionlocal.es\/it\/wp-json\/wp\/v2\/categories?post=14535"},{"taxonomy":"post_tag","embeddable":true,"href":"https:\/\/informacionlocal.es\/it\/wp-json\/wp\/v2\/tags?post=14535"}],"curies":[{"name":"wp","href":"https:\/\/api.w.org\/{rel}","templated":true}]}}