{"id":14505,"date":"2025-11-25T15:58:22","date_gmt":"2025-11-25T15:58:22","guid":{"rendered":"https:\/\/informacionlocal.es\/el-cabildo-de-fuerteventura-conmemora-el-25n-con-un-acto-institucional-en-honor-a-las-mujeres-y-la-igualdad\/"},"modified":"2025-11-25T15:58:22","modified_gmt":"2025-11-25T15:58:22","slug":"el-cabildo-de-fuerteventura-conmemora-el-25n-con-un-acto-institucional-en-honor-a-las-mujeres-y-la-igualdad","status":"publish","type":"post","link":"https:\/\/informacionlocal.es\/it\/el-cabildo-de-fuerteventura-conmemora-el-25n-con-un-acto-institucional-en-honor-a-las-mujeres-y-la-igualdad\/","title":{"rendered":"\ufeffEl Cabildo de Fuerteventura conmemora el 25N con un acto institucional en honor a las mujeres y la igualdad"},"content":{"rendered":"<div class=\"entry-content\"><strong>25 noviembre, 2025<\/strong><\/p>\n<p><strong><em>La conmemoraci\u00f3n del 25N destac\u00f3 la importancia de la inclusi\u00f3n, la igualdad y la erradicaci\u00f3n de la violencia de g\u00e9nero en todas sus formas<\/em><\/strong><\/p>\n<p>El Cabildo de Fuerteventura celebr\u00f3, hoy 25 de noviembre, un acto<br \/>\ninstitucional en conmemoraci\u00f3n del D\u00eda Internacional de la Eliminaci\u00f3n de la<br \/>\nViolencia Contra las Mujeres, que tuvo lugar en el Centro Insular de Juventud.<br \/>\nLa jornada cont\u00f3 participaci\u00f3n de autoridades, asociaciones locales y<br \/>\nrepresentantes de la sociedad civil.<\/p>\n<p>Nahikari Rodr\u00edguez, miembro de ADIVIA, ejerci\u00f3 de maestra de<br \/>\nceremonias en este acto, que comenz\u00f3 con la interpretaci\u00f3n de la canci\u00f3n <em>Si<br \/>\nme matan<\/em> de Silvana Estrada, a cargo de Laura Fern\u00e1ndez, alumna de Canto<br \/>\nModerno de la Escuela Insular de M\u00fasica, acompa\u00f1ada a la guitarra por el<br \/>\nprofesor Daniel Morales. <\/p>\n<p>Durante la ceremonia, intervino la presidenta insular, Lola<br \/>\nGarc\u00eda, quien resalt\u00f3 el compromiso de la instituci\u00f3n en la erradicaci\u00f3n de la<br \/>\nviolencia de g\u00e9nero y en la promoci\u00f3n de la inclusi\u00f3n social. <\/p>\n<p>Garc\u00eda alert\u00f3 de que, en lo que va de a\u00f1o en Espa\u00f1a, se han<br \/>\nconfirmado 39 mujeres asesinadas por sus parejas o exparejas, dejando hu\u00e9rfanos<br \/>\na veinte menores de edad. Desde el a\u00f1o 2003, este tipo de asesinatos suman ya<br \/>\n1.334 mujeres. \u201cEsas cifras no son meros n\u00fameros, son vidas que se han<br \/>\ntruncado, familias que quedan hu\u00e9rfanas y comunidades que quedan vulnerables\u201d.<\/p>\n<p>El consejero de Acci\u00f3n Social, V\u00edctor Alonso, destaca la<br \/>\nimportancia de conmemorar y reflexionar en torno al D\u00eda Internacional de la<br \/>\nEliminaci\u00f3n de la Violencia contra la Mujer, una fecha que nos<\/p>\n<p>convoca a detenernos y escuchar, a mirar tambi\u00e9n lo que sucede en<br \/>\nlas sombras, y a actuar con decisi\u00f3n. \u201cHablar de violencia g\u00e9nero no es<br \/>\nsolo hablar de violencia contra las mujeres: es hablar de una violencia<br \/>\nestructural, alimentada por desigualdades, por silencios, por la desaprobaci\u00f3n social\u201d.<\/p>\n<p>En el acto estuvieron presentes el alcalde de Puerto del Rosario,<br \/>\nDavid de Vera, la directora insular de la Administraci\u00f3n General del Estado,<br \/>\nMar\u00eda Jes\u00fas de la Cruz, la senadora Paloma Hern\u00e1ndez, consejeros y consejeras<br \/>\ndel Cabildo de Fuerteventura, otros representantes municipales, as\u00ed como miembros<br \/>\nde las fuerzas y cuerpos de seguridad. <\/p>\n<p>El Cabildo vuelve a sumarse a la campa\u00f1a del Instituto Canario de<br \/>\nIgualdad, que este a\u00f1o amplifica la voz de tantas mujeres que a\u00fan siguen siendo<br \/>\ninvisibilizadas: las mujeres con discapacidad. Durante el acto, se proyect\u00f3 el<br \/>\nv\u00eddeo de la campa\u00f1a del ICI, bajo el lema, \u2018Rompiendo C\u00edrculos\u2019, que recuerda<br \/>\nque el 35% de las mujeres considera que la discapacidad es consecuencia directa<br \/>\nde la violencia de g\u00e9nero. \u201cLa violencia deja marcas visibles e invisibles\u201d.<\/p>\n<p>Asimismo, la psic\u00f3loga del Servicio especializado de atenci\u00f3n a<br \/>\nV\u00edctimas de Violencia de G\u00e9nero, Mar\u00eda Nieves P\u00e9rez, present\u00f3 la \u2018Gu\u00eda Insular<br \/>\nde Recursos Especializados de Atenci\u00f3n a V\u00edctimas de Violencia de G\u00e9nero\u2019: una<br \/>\ngu\u00eda que especifica la red de recursos a las que pueden acudir cualquier mujer<br \/>\nv\u00edctima de violencia machista, indicando los servicios existentes de<br \/>\ninformaci\u00f3n, asesoramiento y atenci\u00f3n inmediata, adem\u00e1s de informaci\u00f3n de otros<br \/>\nservicios que puedan servir de ayuda. Esta gu\u00eda est\u00e1 disponible en la web del<br \/>\nCabildo: https:\/\/www.cabildofuer.es\/cabildo\/areas-tematicas\/bienestar-social\/<\/p>\n<p>Uno de los momentos m\u00e1s significativos fue la lectura del<br \/>\nmanifiesto, a cargo de Estefan\u00eda Amoedo, miembro de la Asociaci\u00f3n ADISFUER. En<br \/>\n\u00e9l se trat\u00f3 la doble discriminaci\u00f3n que enfrentan las mujeres con discapacidad<br \/>\ny la necesidad de garantizar una sociedad accesible, inclusiva y libre de violencia.<br \/>\n\u201cPorque queremos vivir, queremos ser libres y queremos ser respetadas, hablando<br \/>\nen primera persona, como mujer y como persona con discapacidad\u201d.<\/p>\n<p>El acto finaliz\u00f3 con otra actuaci\u00f3n musical de Laura Fern\u00e1ndez y<br \/>\nDaniel Morales interpretando <em>Mar\u00eda la curandera<\/em> de Natalia Lafourcade,<br \/>\nla entrega de ramos de flores a las participantes destacadas por parte de Lola<br \/>\nGarc\u00eda, David de Vera y la consejera de Turismo, Econom\u00eda Azul y Reserva de la<br \/>\nBiosfera, Marlene Figueroa, y un minuto de silencio en honor a las mujeres<br \/>\nv\u00edctimas de violencia de g\u00e9nero.<\/p>\n<\/div>\n","protected":false},"excerpt":{"rendered":"<p>25 noviembre, 2025 La conmemoraci\u00f3n del 25N destac\u00f3 la importancia de la inclusi\u00f3n, la igualdad y la erradicaci\u00f3n de la violencia de g\u00e9nero en todas sus formas El Cabildo de [&hellip;]<\/p>\n","protected":false},"author":1,"featured_media":14507,"comment_status":"open","ping_status":"open","sticky":false,"template":"","format":"standard","meta":{"inline_featured_image":false,"jnews-multi-image_gallery":[],"jnews_single_post":[],"jnews_primary_category":[],"jnews_social_meta":[],"jnews_override_counter":[],"jnews_post_split":[],"footnotes":""},"categories":[58],"tags":[82],"class_list":["post-14505","post","type-post","status-publish","format-standard","has-post-thumbnail","hentry","category-cabildo","tag-fuerteventura"],"jetpack_featured_media_url":"https:\/\/informacionlocal.es\/wp-content\/uploads\/2025\/11\/efe.jpeg","_links":{"self":[{"href":"https:\/\/informacionlocal.es\/it\/wp-json\/wp\/v2\/posts\/14505","targetHints":{"allow":["GET"]}}],"collection":[{"href":"https:\/\/informacionlocal.es\/it\/wp-json\/wp\/v2\/posts"}],"about":[{"href":"https:\/\/informacionlocal.es\/it\/wp-json\/wp\/v2\/types\/post"}],"author":[{"embeddable":true,"href":"https:\/\/informacionlocal.es\/it\/wp-json\/wp\/v2\/users\/1"}],"replies":[{"embeddable":true,"href":"https:\/\/informacionlocal.es\/it\/wp-json\/wp\/v2\/comments?post=14505"}],"version-history":[{"count":0,"href":"https:\/\/informacionlocal.es\/it\/wp-json\/wp\/v2\/posts\/14505\/revisions"}],"wp:featuredmedia":[{"embeddable":true,"href":"https:\/\/informacionlocal.es\/it\/wp-json\/wp\/v2\/media\/14507"}],"wp:attachment":[{"href":"https:\/\/informacionlocal.es\/it\/wp-json\/wp\/v2\/media?parent=14505"}],"wp:term":[{"taxonomy":"category","embeddable":true,"href":"https:\/\/informacionlocal.es\/it\/wp-json\/wp\/v2\/categories?post=14505"},{"taxonomy":"post_tag","embeddable":true,"href":"https:\/\/informacionlocal.es\/it\/wp-json\/wp\/v2\/tags?post=14505"}],"curies":[{"name":"wp","href":"https:\/\/api.w.org\/{rel}","templated":true}]}}