{"id":14469,"date":"2025-11-24T23:58:21","date_gmt":"2025-11-24T23:58:21","guid":{"rendered":"https:\/\/informacionlocal.es\/puerto-del-rosario-aprueba-la-revision-de-la-ordenanza-urbanistica-para-actualizarla-cubrir-vacios-normativos-y-agilizar-licencias\/"},"modified":"2025-11-24T23:58:21","modified_gmt":"2025-11-24T23:58:21","slug":"puerto-del-rosario-aprueba-la-revision-de-la-ordenanza-urbanistica-para-actualizarla-cubrir-vacios-normativos-y-agilizar-licencias","status":"publish","type":"post","link":"https:\/\/informacionlocal.es\/it\/puerto-del-rosario-aprueba-la-revision-de-la-ordenanza-urbanistica-para-actualizarla-cubrir-vacios-normativos-y-agilizar-licencias\/","title":{"rendered":"Puerto del Rosario aprueba la revisi\u00f3n de la ordenanza urban\u00edstica para actualizarla, cubrir vac\u00edos normativos y agilizar licencias"},"content":{"rendered":"<div class=\"entry-content\">\n<p>El Pleno del Ayuntamiento de Puerto del Rosario aprob\u00f3 esta tarde la <strong>revisi\u00f3n y adaptaci\u00f3n de la ordenanza urban\u00edstica municipal<\/strong>, un acuerdo clave para modernizar el marco regulatorio local y alinearlo con la legislaci\u00f3n vigente. Con esta aprobaci\u00f3n, el municipio contar\u00e1 con una norma <strong>actualizada, m\u00e1s completa y mejor preparada para responder a las necesidades reales de la ciudadan\u00eda y del tejido econ\u00f3mico<\/strong>.<\/p>\n<p>El alcalde, <strong>David de Vera<\/strong>, subray\u00f3 durante el debate plenario que la actualizaci\u00f3n era imprescindible tras a\u00f1os de desajustes normativos: <em>\u201chemos aprobado la revisi\u00f3n de la ordenanza urban\u00edstica para adaptarla a la normativa vigente, porque estaba desfasada. Era una actualizaci\u00f3n imprescindible para que Puerto del Rosario trabaje con reglas claras, actuales y \u00fatiles para todos\u201d.<\/em><\/p>\n<p>La nueva ordenanza incorpora <strong>regulaci\u00f3n espec\u00edfica en \u00e1mbitos que hasta ahora carec\u00edan de tratamiento propio<\/strong>, corrigiendo vac\u00edos que generaban dudas y ralentizaban procedimientos. Entre las principales novedades destac\u00f3 la inclusi\u00f3n de art\u00edculos destinados a <strong>regular las residencias comunitarias<\/strong>, as\u00ed como a establecer de manera clara las <strong>condiciones urban\u00edsticas y t\u00e9cnicas para complejos ganaderos<\/strong>, dotando a estos usos de un marco definido y coherente.<\/p>\n<p>La concejala de Urbanismo y Planeamiento, <strong>Ana Hern\u00e1ndez<\/strong>, valor\u00f3 el alcance pr\u00e1ctico del acuerdo alcanzado: <em>\u201ccon esta revisi\u00f3n cubrimos \u00e1mbitos que no estaban bien regulados y damos a Puerto del Rosario una herramienta m\u00e1s moderna. Esto nos permitir\u00e1 mejorar la calidad de los proyectos, dar mayor seguridad jur\u00eddica a ciudadanos, t\u00e9cnicos y empresas, y agilizar la gesti\u00f3n municipal\u201d.<\/em><\/p>\n<p>El grupo de gobierno explic\u00f3 que esta actualizaci\u00f3n <strong>mejorar\u00e1 directamente la tramitaci\u00f3n urban\u00edstica<\/strong>, al ofrecer criterios claros y homog\u00e9neos que facilitan el trabajo t\u00e9cnico y reducen la incertidumbre en la interpretaci\u00f3n de la norma. En consecuencia, se espera una <strong>reducci\u00f3n de plazos<\/strong> y una <strong>mayor fluidez en licencias urban\u00edsticas, comunicaciones previas y autorizaciones<\/strong>, beneficiando tanto a quienes impulsan iniciativas privadas como a los proyectos p\u00fablicos.<\/p>\n<p>Adem\u00e1s, el Ayuntamiento destac\u00f3 que la revisi\u00f3n contribuye a un urbanismo <strong>m\u00e1s eficiente y ordenado<\/strong>, reforzando la planificaci\u00f3n del municipio y garantizando que el desarrollo urbano se realice con criterios actualizados, seguridad legal y mayor agilidad administrativa.<\/p>\n<p>Con este acuerdo, Puerto del Rosario avanza hacia una gesti\u00f3n urban\u00edstica <strong>m\u00e1s clara, moderna y cercana<\/strong>, que facilita el cumplimiento normativo, mejora la calidad de las iniciativas y sit\u00faa la seguridad jur\u00eddica y la eficiencia administrativa como pilares del modelo de ciudad.<\/p>\n<\/div>\n","protected":false},"excerpt":{"rendered":"<p>El Pleno del Ayuntamiento de Puerto del Rosario aprob\u00f3 esta tarde la revisi\u00f3n y adaptaci\u00f3n de la ordenanza urban\u00edstica municipal, un acuerdo clave para modernizar el marco regulatorio local y [&hellip;]<\/p>\n","protected":false},"author":1,"featured_media":14471,"comment_status":"open","ping_status":"open","sticky":false,"template":"","format":"standard","meta":{"inline_featured_image":false,"jnews-multi-image_gallery":[],"jnews_single_post":[],"jnews_primary_category":[],"jnews_social_meta":[],"jnews_override_counter":[],"jnews_post_split":[],"footnotes":""},"categories":[61],"tags":[],"class_list":["post-14469","post","type-post","status-publish","format-standard","has-post-thumbnail","hentry","category-puerto-del-rosario"],"jetpack_featured_media_url":"https:\/\/informacionlocal.es\/wp-content\/uploads\/2025\/11\/pleno-ordena-241125.jpg","_links":{"self":[{"href":"https:\/\/informacionlocal.es\/it\/wp-json\/wp\/v2\/posts\/14469","targetHints":{"allow":["GET"]}}],"collection":[{"href":"https:\/\/informacionlocal.es\/it\/wp-json\/wp\/v2\/posts"}],"about":[{"href":"https:\/\/informacionlocal.es\/it\/wp-json\/wp\/v2\/types\/post"}],"author":[{"embeddable":true,"href":"https:\/\/informacionlocal.es\/it\/wp-json\/wp\/v2\/users\/1"}],"replies":[{"embeddable":true,"href":"https:\/\/informacionlocal.es\/it\/wp-json\/wp\/v2\/comments?post=14469"}],"version-history":[{"count":0,"href":"https:\/\/informacionlocal.es\/it\/wp-json\/wp\/v2\/posts\/14469\/revisions"}],"wp:featuredmedia":[{"embeddable":true,"href":"https:\/\/informacionlocal.es\/it\/wp-json\/wp\/v2\/media\/14471"}],"wp:attachment":[{"href":"https:\/\/informacionlocal.es\/it\/wp-json\/wp\/v2\/media?parent=14469"}],"wp:term":[{"taxonomy":"category","embeddable":true,"href":"https:\/\/informacionlocal.es\/it\/wp-json\/wp\/v2\/categories?post=14469"},{"taxonomy":"post_tag","embeddable":true,"href":"https:\/\/informacionlocal.es\/it\/wp-json\/wp\/v2\/tags?post=14469"}],"curies":[{"name":"wp","href":"https:\/\/api.w.org\/{rel}","templated":true}]}}