{"id":14439,"date":"2025-11-24T16:58:25","date_gmt":"2025-11-24T16:58:25","guid":{"rendered":"https:\/\/informacionlocal.es\/la-policia-local-presenta-los-actos-en-honor-a-san-andres-que-se-celebraran-en-tetir\/"},"modified":"2025-11-24T16:58:25","modified_gmt":"2025-11-24T16:58:25","slug":"la-policia-local-presenta-los-actos-en-honor-a-san-andres-que-se-celebraran-en-tetir","status":"publish","type":"post","link":"https:\/\/informacionlocal.es\/it\/la-policia-local-presenta-los-actos-en-honor-a-san-andres-que-se-celebraran-en-tetir\/","title":{"rendered":"La Polic\u00eda Local presenta los actos en honor a San Andr\u00e9s que se celebrar\u00e1n en Tetir"},"content":{"rendered":"<div class=\"entry-content\">\n<div class data-block=\"true\" data-editor=\"cji0t\" data-offset-key=\"1ugk9-0-0\">\n<div class=\"_1mf _1mj\" data-offset-key=\"1ugk9-0-0\"><span data-offset-key=\"1ugk9-0-0\">Este lunes, 24 de noviembre, en el Sal\u00f3n de Plenos del ayuntamiento , se presentaban los actos en honor a San Andr\u00e9s, Patr\u00f3n de las Polic\u00edas Locales de Fuerteventura. El evento reunir\u00e1 a todas las Polic\u00edas Locales de la isla este pr\u00f3ximo viernes en Tetir para celebrar su labor, compromiso y servicio a la ciudadan\u00eda.<\/span><\/div>\n<\/div>\n<div class data-block=\"true\" data-editor=\"cji0t\" data-offset-key=\"c5qtv-0-0\">\n<div class=\"_1mf _1mj\" data-offset-key=\"c5qtv-0-0\"><span data-offset-key=\"c5qtv-0-0\">\u00a0<\/span><\/div>\n<\/div>\n<div class data-block=\"true\" data-editor=\"cji0t\" data-offset-key=\"cu8q-0-0\">\n<div class=\"_1mf _1mj\" data-offset-key=\"cu8q-0-0\"><span data-offset-key=\"cu8q-0-0\">Durante el acto se celebrar\u00e1 una Jornada de Puertas Abiertas y Exhibiciones donde podr\u00e1s descubrir sus unidades, veh\u00edculos, medios t\u00e9cnicos y el trabajo que realizan d\u00eda a d\u00eda para mantener la seguridad en nuestras calles.<\/span><\/div>\n<\/div>\n<div class data-block=\"true\" data-editor=\"cji0t\" data-offset-key=\"tc0b-0-0\">\n<div class=\"_1mf _1mj\" data-offset-key=\"tc0b-0-0\"><span data-offset-key=\"tc0b-0-0\">\u00a0<\/span><\/div>\n<\/div>\n<div class data-block=\"true\" data-editor=\"cji0t\" data-offset-key=\"23rfh-0-0\">\n<div class=\"_1mf _1mj\" data-offset-key=\"23rfh-0-0\"><span data-offset-key=\"23rfh-0-0\">El alcalde, David de Vera, destaca que \u00abeste evento busca visibilizar el trabajo conjunto de las polic\u00edas locales de la isla y acercar su labor a la ciudadan\u00eda\u00bb.<\/span><\/div>\n<\/div>\n<div class data-block=\"true\" data-editor=\"cji0t\" data-offset-key=\"2hm16-0-0\">\n<div class=\"_1mf _1mj\" data-offset-key=\"2hm16-0-0\"><span data-offset-key=\"2hm16-0-0\">\u00a0<\/span><\/div>\n<\/div>\n<div class data-block=\"true\" data-editor=\"cji0t\" data-offset-key=\"d9r6-0-0\">\n<div class=\"_1mf _1mj\" data-offset-key=\"d9r6-0-0\"><span data-offset-key=\"d9r6-0-0\">El subinspector Sergio Cerde\u00f1a resaltaba que \u00bb habr\u00e1 una exposici\u00f3n de medios en la plaza de Tetir \u2014coches, motos, drones y unidad canina\u2014 adem\u00e1s de actividades dirigidas especialmente a escolares\u00bb. <\/span><\/div>\n<\/div>\n<div class data-block=\"true\" data-editor=\"cji0t\" data-offset-key=\"3anh0-0-0\">\n<div class=\"_1mf _1mj\" data-offset-key=\"3anh0-0-0\"><span data-offset-key=\"3anh0-0-0\">\u00a0<\/span><\/div>\n<\/div>\n<div class data-block=\"true\" data-editor=\"cji0t\" data-offset-key=\"atv3q-0-0\">\n<div class=\"_1mf _1mj\" data-offset-key=\"atv3q-0-0\"><span data-offset-key=\"atv3q-0-0\">La jornada incluir\u00e1 la misa en honor al patr\u00f3n, la entrega de distinciones y reconocimientos, y un acto final con una actuaci\u00f3n musical.<\/span><\/div>\n<\/div>\n<\/div>\n","protected":false},"excerpt":{"rendered":"<p>Este lunes, 24 de noviembre, en el Sal\u00f3n de Plenos del ayuntamiento , se presentaban los actos en honor a San Andr\u00e9s, Patr\u00f3n de las Polic\u00edas Locales de Fuerteventura. El [&hellip;]<\/p>\n","protected":false},"author":1,"featured_media":14441,"comment_status":"open","ping_status":"open","sticky":false,"template":"","format":"standard","meta":{"inline_featured_image":false,"jnews-multi-image_gallery":[],"jnews_single_post":[],"jnews_primary_category":[],"jnews_social_meta":[],"jnews_override_counter":[],"jnews_post_split":[],"footnotes":""},"categories":[61],"tags":[82],"class_list":["post-14439","post","type-post","status-publish","format-standard","has-post-thumbnail","hentry","category-puerto-del-rosario","tag-fuerteventura"],"jetpack_featured_media_url":"https:\/\/informacionlocal.es\/wp-content\/uploads\/2025\/11\/pl-t-1-patron-25-mesa.jpg","_links":{"self":[{"href":"https:\/\/informacionlocal.es\/it\/wp-json\/wp\/v2\/posts\/14439","targetHints":{"allow":["GET"]}}],"collection":[{"href":"https:\/\/informacionlocal.es\/it\/wp-json\/wp\/v2\/posts"}],"about":[{"href":"https:\/\/informacionlocal.es\/it\/wp-json\/wp\/v2\/types\/post"}],"author":[{"embeddable":true,"href":"https:\/\/informacionlocal.es\/it\/wp-json\/wp\/v2\/users\/1"}],"replies":[{"embeddable":true,"href":"https:\/\/informacionlocal.es\/it\/wp-json\/wp\/v2\/comments?post=14439"}],"version-history":[{"count":0,"href":"https:\/\/informacionlocal.es\/it\/wp-json\/wp\/v2\/posts\/14439\/revisions"}],"wp:featuredmedia":[{"embeddable":true,"href":"https:\/\/informacionlocal.es\/it\/wp-json\/wp\/v2\/media\/14441"}],"wp:attachment":[{"href":"https:\/\/informacionlocal.es\/it\/wp-json\/wp\/v2\/media?parent=14439"}],"wp:term":[{"taxonomy":"category","embeddable":true,"href":"https:\/\/informacionlocal.es\/it\/wp-json\/wp\/v2\/categories?post=14439"},{"taxonomy":"post_tag","embeddable":true,"href":"https:\/\/informacionlocal.es\/it\/wp-json\/wp\/v2\/tags?post=14439"}],"curies":[{"name":"wp","href":"https:\/\/api.w.org\/{rel}","templated":true}]}}